{"id":54960,"date":"2011-11-03T19:22:28","date_gmt":"2011-11-03T18:22:28","guid":{"rendered":"https:\/\/www.claret.org\/chiusura-del-75o-anniversario-dei-martiri-di-barbastro-in-tv-spagnola\/"},"modified":"2011-11-03T19:22:28","modified_gmt":"2011-11-03T18:22:28","slug":"chiusura-del-75o-anniversario-dei-martiri-di-barbastro-in-tv-spagnola","status":"publish","type":"post","link":"https:\/\/www.claret.org\/it\/chiusura-del-75o-anniversario-dei-martiri-di-barbastro-in-tv-spagnola\/","title":{"rendered":"Chiusura del 75\u00ba anniversario dei Martiri di Barbastro in TV spagnola"},"content":{"rendered":"<p><strong>Madrid, Spagna.<\/strong> La principale rete di televisione spagnola RTVE (<a href=\"http:\/\/www.rtve.es\/\" rel=\"nofollow noopener\" target=\"_blank\">www.rtve.es<\/a>), trasmetter\u00e0 da Barbastro, domenica 6 novembre, l\u2019Eucarestia con cui si chiuderanno le celebrazioni che durante quest\u2019anno hanno ricordato il 75\u00ba anniversario dell\u2019esecuzione dei Martiri Clarettiani di Barbastro. La celebrazione si terr\u00e0 alle 10,30, nel programma \u201cIl giorno del Signore\u201d, emesso da canale 2, e sar\u00e0 presieduta da Mons. Alfonso Mili\u00e0n Sorribes, vescovo di Barbastro-Monz\u00f2n.<\/p>\n<div><\/div>\n<p>Durante gli ultimi mesi la Congregazione, e in modo speciale le Provincie di Spagna, hanno ricordato i Martiri Clarettiani con diverse celebrazioni e pubblicazioni, chiedendo sempre pace e riconciliazione per tutti i popoli.<\/p>\n<p><strong>Riedizione di pubblicazioni ed aumento di visite<\/strong><br \/>\nIl museo di Barbastro, pieno di ricordi dei 51 Beati, \u00e8 stato pi\u00f9 visitato che mai: pubblicazioni, libri, stampe, bollettini hanno ricordato il generoso sacrificio del \u2018Seminario Martire\u2019, beatificato da Giovanni Paolo II nel 1992. Fra le molte attivit\u00e0 coordinate dalla Provincia di Santiago c\u2019\u00e8 stata la riedizione, corretta, del libro \u2018Clarettiani Martiri\u2019 del P. Pedro Garcia Hernandez, cmf, e di uno dei lavori del P. Gabriel Campo, di cui si sono distribuiti varie migliaia di esemplari. Tutti i Vescovi ed i Seminari Maggiori delle diocesi di Spagna hanno ricevuto quest\u2019anno vari esemplari di ambedue le opere. Molti sono stati riconoscenti del dono ed hanno messo in risalto l\u2019impressionante testimonianza dei giovani Beati.<\/p>\n<p><strong>Una bella pagina web. Le visite virtuali<\/strong><br \/>\nUna    delle     attivit\u00e0     segnalate     dell\u2019anno    \u00e8    stata    l\u2019inaugurazione    della   pagina   web: <a href=\"http:\/\/www.martiresdebarbastro.org\/\" rel=\"nofollow noopener\" target=\"_blank\">www.martiresdebarbastro.org<\/a>, in cui si pu\u00f2 fare una visita virtuale al museo dei Martiri Clarettiani. Varie migliaia di partecipanti alla Giornata Mondiale della Giovent\u00f9 vi si sono potuto accostare e conoscere l\u2019esperienza e la memoria dei Martiri. Negli ultimi giorni, approfittando del carattere festivo in Spagna della solennit\u00e0 di Tutti i Santi, un gruppo di giovani delle Asturie, Zamora e Segovia si \u00e8 messo ad indagare, in situ, le gesta generose dei Martiri. La trasmissione televisiva, di cui si \u00e8 fatta una buona propaganda a base di manifesti distribuiti nelle parrocchie e nei centri scolastici, avr\u00e0, domenica prossima, un buon successo.<\/p>\n<p><strong>Una memoria destinata a prolungarsi<\/strong><br \/>\nL\u2019anno del 75\u00ba anniversario finisce, ma la vita continua. La ristrutturazione incominciata nella Casa di Barbastro permetter\u00e0 \u2013 come hanno constatato recentemente vari incontri congregazionali \u2013 il comodo soggiorno di un buon gruppo di Missionari. La comunit\u00e0 che custodisce la memoria dei Martiri e che cura l\u2019accoglienza dei pellegrini, continuer\u00e0 ad esercitare il suo lavoro col sorriso. I Martiri (ed i visitatori) lo meritano.<\/p>\n","protected":false},"excerpt":{"rendered":"<p>Madrid, Spagna. La principale rete di televisione spagnola RTVE (www.rtve.es), trasmetter\u00e0 da Barbastro, domenica 6 novembre, l\u2019Eucarestia con cui si chiuderanno le celebrazioni che durante quest\u2019anno hanno ricordato il 75\u00ba anniversario dell\u2019esecuzione dei Martiri Clarettiani di Barbastro. La celebrazione si terr\u00e0 alle 10,30, nel programma \u201cIl giorno del Signore\u201d, emesso da canale 2, e sar\u00e0 [&hellip;]<\/p>\n","protected":false},"author":1,"featured_media":54951,"comment_status":"closed","ping_status":"closed","sticky":false,"template":"","format":"standard","meta":{"_et_pb_use_builder":"","_et_pb_old_content":"","_et_gb_content_width":"","footnotes":""},"categories":[475,434],"tags":[],"class_list":["post-54960","post","type-post","status-publish","format-standard","has-post-thumbnail","hentry","category-martiri-di-barbastro","category-tic"],"jetpack_featured_media_url":"https:\/\/i0.wp.com\/www.claret.org\/wp-content\/uploads\/2019\/07\/75AnivBarbLOGOTIPO.jpg?fit=366%2C450&ssl=1","jetpack_sharing_enabled":true,"jetpack_shortlink":"https:\/\/wp.me\/pdaBmi-eis","jetpack_likes_enabled":true,"_links":{"self":[{"href":"https:\/\/www.claret.org\/it\/wp-json\/wp\/v2\/posts\/54960","targetHints":{"allow":["GET"]}}],"collection":[{"href":"https:\/\/www.claret.org\/it\/wp-json\/wp\/v2\/posts"}],"about":[{"href":"https:\/\/www.claret.org\/it\/wp-json\/wp\/v2\/types\/post"}],"author":[{"embeddable":true,"href":"https:\/\/www.claret.org\/it\/wp-json\/wp\/v2\/users\/1"}],"replies":[{"embeddable":true,"href":"https:\/\/www.claret.org\/it\/wp-json\/wp\/v2\/comments?post=54960"}],"version-history":[{"count":0,"href":"https:\/\/www.claret.org\/it\/wp-json\/wp\/v2\/posts\/54960\/revisions"}],"wp:featuredmedia":[{"embeddable":true,"href":"https:\/\/www.claret.org\/it\/wp-json\/wp\/v2\/media\/54951"}],"wp:attachment":[{"href":"https:\/\/www.claret.org\/it\/wp-json\/wp\/v2\/media?parent=54960"}],"wp:term":[{"taxonomy":"category","embeddable":true,"href":"https:\/\/www.claret.org\/it\/wp-json\/wp\/v2\/categories?post=54960"},{"taxonomy":"post_tag","embeddable":true,"href":"https:\/\/www.claret.org\/it\/wp-json\/wp\/v2\/tags?post=54960"}],"curies":[{"name":"wp","href":"https:\/\/api.w.org\/{rel}","templated":true}]}}