{"id":55217,"date":"2011-10-07T10:55:00","date_gmt":"2011-10-07T08:55:00","guid":{"rendered":"https:\/\/www.claret.org\/il-servizio-qualificato-della-congregazione-nellambito-accademico\/"},"modified":"2011-10-07T10:55:00","modified_gmt":"2011-10-07T08:55:00","slug":"il-servizio-qualificato-della-congregazione-nellambito-accademico","status":"publish","type":"post","link":"https:\/\/www.claret.org\/it\/il-servizio-qualificato-della-congregazione-nellambito-accademico\/","title":{"rendered":"Il servizio qualificato della Congregazione nell\u2019ambito accademico"},"content":{"rendered":"<p><strong>Roma. <\/strong> Dal 28 settembre al 1 ottobre si svolge, a Roma, un incontro dei Direttori dei Centri di Studi Superiori diretti dalla Congregazione. Oltre al P. Generale, vi partecipano i Padri: Gonzalo Fernandez, Prefetto Generale di Spiritualit\u00e0; Miguel Angel Velasco, Prefetto Generale di Apostolato;\u2026<\/p>\n<div><\/div>\n<p>\u2026Jos\u00e9-F\u00e9lix Valderr\u00e0bano, Segretario Generale e Superiore Delegato del Claretianum e dell\u2019istituto Giuridico; Konrad Pucher, Direttore del Centro di Studi Filosofici e Teologici di Cordoba (Argentina); Luis C. Botteon, Direttore del Centro Universitario Clarettiano di Batatais (Brasile); Sammy Canilang, Direttore dell\u2019Institute for Consecrated Life in Asia, di Manila (Filippine); Xavier Manavath, Direttore dell\u2019Institute of Consecrated Life, Sanyasa, di Bangalore (India); Josu Alday, Direttore del Claretianum (Roma); Elias Ayuban, rappresentante dell\u2019Istituto Giuridico (Roma); Jamme Sanchez Bosch, Direttore dello Studium Theologicum di Curitiba (Brasile) e Jos\u00e9 Cristo Rey Garcia Paredes, Sottodirettore dell\u2019Istituto Teologico di Vita Religiosa, di Madrid.<\/p>\n<p>L\u2019Incontro cerca di dare continuit\u00e0 a ci\u00f2 che \u00e8 stato realizzato anteriormente nell\u2019anno 2005 e mettere in pratica l\u2019incarico del XXIV Capitolo Generale quando chiede di porre l\u2019attenzione al \u201cservizio qualificato che la nostra Congregazione sta realizzando verso la vita consacrata\u201d (HAC 65.6). La convocazione \u00e8 stata ampliata agli altri Centri Superiori di studi, in quanto piattaforme congregazionali che possono produrre una seria riflessione per rispondere alle sfide della evangelizzazione (cfr HAC 65.5 e Dossier dell\u2019Incontro con i Superiori Maggiori del settembre 2010 in Colmenar Viejo).<\/p>\n<p>Nella sua convocatoria il P. Generale ha indicato i tre obbiettivi proposti per questo incontro: 1) determinare con il massimo realismo le risorse di cui disponiamo, in ordine alla continuit\u00e0 e alla crescita dei nostri Centri, le strategie della mutua collaborazione, le sue possibilit\u00e0, ecc.; 2) identificare i temi di preoccupazione comune e gli impegni di fronte al futuro; e 3) deliberare su altri temi concreti.<\/p>\n","protected":false},"excerpt":{"rendered":"<p>Roma. Dal 28 settembre al 1 ottobre si svolge, a Roma, un incontro dei Direttori dei Centri di Studi Superiori diretti dalla Congregazione. Oltre al P. Generale, vi partecipano i Padri: Gonzalo Fernandez, Prefetto Generale di Spiritualit\u00e0; Miguel Angel Velasco, Prefetto Generale di Apostolato;\u2026 \u2026Jos\u00e9-F\u00e9lix Valderr\u00e0bano, Segretario Generale e Superiore Delegato del Claretianum e dell\u2019istituto [&hellip;]<\/p>\n","protected":false},"author":1,"featured_media":55211,"comment_status":"closed","ping_status":"closed","sticky":false,"template":"","format":"standard","meta":{"_et_pb_use_builder":"","_et_pb_old_content":"","_et_gb_content_width":"","footnotes":""},"categories":[530,519,1615,535],"tags":[],"class_list":["post-55217","post","type-post","status-publish","format-standard","has-post-thumbnail","hentry","category-famiglia-claretiana","category-governo-generale","category-josep-abella-batlle-it","category-la-congregazione"],"jetpack_featured_media_url":"https:\/\/i0.wp.com\/www.claret.org\/wp-content\/uploads\/2019\/07\/Rome_EDCES_.jpg?fit=450%2C293&ssl=1","jetpack_sharing_enabled":true,"jetpack_shortlink":"https:\/\/wp.me\/pdaBmi-emB","jetpack_likes_enabled":true,"_links":{"self":[{"href":"https:\/\/www.claret.org\/it\/wp-json\/wp\/v2\/posts\/55217","targetHints":{"allow":["GET"]}}],"collection":[{"href":"https:\/\/www.claret.org\/it\/wp-json\/wp\/v2\/posts"}],"about":[{"href":"https:\/\/www.claret.org\/it\/wp-json\/wp\/v2\/types\/post"}],"author":[{"embeddable":true,"href":"https:\/\/www.claret.org\/it\/wp-json\/wp\/v2\/users\/1"}],"replies":[{"embeddable":true,"href":"https:\/\/www.claret.org\/it\/wp-json\/wp\/v2\/comments?post=55217"}],"version-history":[{"count":0,"href":"https:\/\/www.claret.org\/it\/wp-json\/wp\/v2\/posts\/55217\/revisions"}],"wp:featuredmedia":[{"embeddable":true,"href":"https:\/\/www.claret.org\/it\/wp-json\/wp\/v2\/media\/55211"}],"wp:attachment":[{"href":"https:\/\/www.claret.org\/it\/wp-json\/wp\/v2\/media?parent=55217"}],"wp:term":[{"taxonomy":"category","embeddable":true,"href":"https:\/\/www.claret.org\/it\/wp-json\/wp\/v2\/categories?post=55217"},{"taxonomy":"post_tag","embeddable":true,"href":"https:\/\/www.claret.org\/it\/wp-json\/wp\/v2\/tags?post=55217"}],"curies":[{"name":"wp","href":"https:\/\/api.w.org\/{rel}","templated":true}]}}