{"id":55730,"date":"2011-07-25T10:08:24","date_gmt":"2011-07-25T08:08:24","guid":{"rendered":"https:\/\/www.claret.org\/allascolto-della-realta-xvi-capitolo-generale-delle-rmi\/"},"modified":"2011-07-25T10:08:24","modified_gmt":"2011-07-25T08:08:24","slug":"allascolto-della-realta-xvi-capitolo-generale-delle-rmi","status":"publish","type":"post","link":"https:\/\/www.claret.org\/it\/allascolto-della-realta-xvi-capitolo-generale-delle-rmi\/","title":{"rendered":"All\u2019ascolto della realt\u00e0: XVI Capitolo Generale delle RMI"},"content":{"rendered":"<p><strong>Galapagar, Madrid, Espa\u00f1a. <\/strong>Luned\u00ec 18 luglio \u00e8 incominciato, in questo luogo, il XVI Capitolo Generale delle Missionarie Clarettiane.<br \/>\nVi partecipano 40 religiose delle Provincie di: Argentina, Colombia, Spagna nord e Spagna sud; delle Viceprovincie di Asia ed Italia e delle Delegazioni di Africa, Stati Uniti, Europa dell\u2019Est e Venezuela.<\/p>\n<div><\/div>\n<p>Il giorno prima dell\u2019apertura si \u00e8 tenuto un seminario per le consorelle venute per la prima volta ad un Capitolo.<br \/>\nIl 19 si \u00e8 studiato una sintesi dell\u2019analisi della realt\u00e0 del mondo, che \u00e8 stata completata con la presentazione di ogni regione in cui le consorelle disimpegnano il loro ministero.<\/p>\n<p>Il giorno 20, il P. Josep Ma. Abella, Superiore Generale dei Missionari Clarettiani, ha condiviso con le capitolari la sua esperienza sulla riorganizzazione congregazionale.<\/p>\n<p>Con la celebrazione di questo Capitolo, le Missionarie Clarettiane,  come \u201cuna sola famiglia ed un sol cuore\u201d, cercano insieme la volont\u00e0 di Dio per la Congregazione, traducendo per il nostro tempo lo spirito apostolico dei propri Fondatori, la Madre Par\u00ecs ed il Padre Claret.<\/p>\n<p>Si pu\u00f2 seguire il Capitolo Generale nel Blog: <a href=\"http:\/\/claretianas.wordpress.com\/capitulares\/\" target=\"_blank\" rel=\"noopener noreferrer nofollow\">http:\/\/claretianas.wordpress.com\/capitulares\/<\/a><\/p>\n","protected":false},"excerpt":{"rendered":"<p>Galapagar, Madrid, Espa\u00f1a. Luned\u00ec 18 luglio \u00e8 incominciato, in questo luogo, il XVI Capitolo Generale delle Missionarie Clarettiane. Vi partecipano 40 religiose delle Provincie di: Argentina, Colombia, Spagna nord e Spagna sud; delle Viceprovincie di Asia ed Italia e delle Delegazioni di Africa, Stati Uniti, Europa dell\u2019Est e Venezuela. Il giorno prima dell\u2019apertura si \u00e8 [&hellip;]<\/p>\n","protected":false},"author":1,"featured_media":55724,"comment_status":"closed","ping_status":"closed","sticky":false,"template":"","format":"standard","meta":{"_et_pb_use_builder":"","_et_pb_old_content":"","_et_gb_content_width":"","footnotes":""},"categories":[530,421,535],"tags":[],"class_list":["post-55730","post","type-post","status-publish","format-standard","has-post-thumbnail","hentry","category-famiglia-claretiana","category-vita-consacrata","category-la-congregazione"],"jetpack_featured_media_url":"https:\/\/i0.wp.com\/www.claret.org\/wp-content\/uploads\/2019\/07\/RMI_Capit_web.jpg?fit=450%2C338&ssl=1","jetpack_sharing_enabled":true,"jetpack_shortlink":"https:\/\/wp.me\/pdaBmi-euS","jetpack_likes_enabled":true,"_links":{"self":[{"href":"https:\/\/www.claret.org\/it\/wp-json\/wp\/v2\/posts\/55730","targetHints":{"allow":["GET"]}}],"collection":[{"href":"https:\/\/www.claret.org\/it\/wp-json\/wp\/v2\/posts"}],"about":[{"href":"https:\/\/www.claret.org\/it\/wp-json\/wp\/v2\/types\/post"}],"author":[{"embeddable":true,"href":"https:\/\/www.claret.org\/it\/wp-json\/wp\/v2\/users\/1"}],"replies":[{"embeddable":true,"href":"https:\/\/www.claret.org\/it\/wp-json\/wp\/v2\/comments?post=55730"}],"version-history":[{"count":0,"href":"https:\/\/www.claret.org\/it\/wp-json\/wp\/v2\/posts\/55730\/revisions"}],"wp:featuredmedia":[{"embeddable":true,"href":"https:\/\/www.claret.org\/it\/wp-json\/wp\/v2\/media\/55724"}],"wp:attachment":[{"href":"https:\/\/www.claret.org\/it\/wp-json\/wp\/v2\/media?parent=55730"}],"wp:term":[{"taxonomy":"category","embeddable":true,"href":"https:\/\/www.claret.org\/it\/wp-json\/wp\/v2\/categories?post=55730"},{"taxonomy":"post_tag","embeddable":true,"href":"https:\/\/www.claret.org\/it\/wp-json\/wp\/v2\/tags?post=55730"}],"curies":[{"name":"wp","href":"https:\/\/api.w.org\/{rel}","templated":true}]}}