{"id":55756,"date":"2011-07-25T10:29:01","date_gmt":"2011-07-25T08:29:01","guid":{"rendered":"https:\/\/www.claret.org\/xvi-assemblea-generale-delle-missionarie-della-istituzione-clarettiana\/"},"modified":"2011-07-25T10:29:01","modified_gmt":"2011-07-25T08:29:01","slug":"xvi-assemblea-generale-delle-missionarie-della-istituzione-clarettiana","status":"publish","type":"post","link":"https:\/\/www.claret.org\/it\/xvi-assemblea-generale-delle-missionarie-della-istituzione-clarettiana\/","title":{"rendered":"XVI Assemblea Generale delle Missionarie della Istituzione Clarettiana"},"content":{"rendered":"<p><strong>Vic, Spagna. <\/strong> Le Missionarie della Istituzione Clarettiana si trovano riunite nella loro XVI Assemblea Generale, in Vic, dal 17 luglio.<\/p>\n<p>Questo Isituto, che fa parte della Famiglia Clarettiana, \u00e8 stato fondato in Vic dal P. Luis Pujol, cmf, e dalla Sorella M. Dolors Sol\u00e0 per vivere lo spirito missionario di Ges\u00f9, secondo la forma di Sant\u2019Antonio Maria Claret. Sviluppa la sua missione evangelizzatrice con tutti i mezzi possibili, fra i quali l\u2019educazione, la salute, la catechesi e la promozione della donna.<\/p>\n<p>Nella lettera convocatoria dell\u2019Assemblea, la Sorella Pilar Rovira, Superiora Generale, comunica il tema di quest\u2019Assemblea: \u201cUna spiritualit\u00e0 per la comunione\u201d. E\u2019 un momento importante che offre a tutte le sorelle la possibilit\u00e0 di partecipare alle linee di azione che animeranno la loro vita religiosa e missionaria durante i prossimi anni.<\/p>\n<p>Le sorelle delegate provengono dalle comunit\u00e0 di Lambar\u00e9 e Yh\u00f9, in Paraguay, di Altamira, nella Repubblica Dominicana, Cornell\u00e0 e Vic, in Spagna.<\/p>\n<p>Nel mese di gennaio del 2010 era iniziato il periodo preparatorio con la formazione di una commissione preparatoria per l\u2019elaborazione del documento di lavoro, l\u2019elezione delle delegate, la stesura delle informazioni e delle valutazioni e, specialmente, della riflessione e della preghiera mediante la Parola di Dio, i documenti della Istituzione e della Chiesa.<\/p>\n<p>Il 21 luglio \u00e8 stato eletto il seguente Governo della Istituzione:<br \/>\nSuperiora Generale: Sorella Pilar Rovira; I\u00ba Consultore e Vicaria: Myriam Fretes; II\u00ba Consultore e Segretaria: Ma. Grazia Garcia-Barquero.<\/p>\n<p>Si pu\u00f2 seguire l\u2019Assemblea Generale nel blog:  <a href=\"http:\/\/asambleamic.blogspot.com\/\" rel=\"nofollow noopener\" target=\"_blank\">http:\/\/asambleamic.blogspot.com<\/a><\/p>\n","protected":false},"excerpt":{"rendered":"<p>Vic, Spagna. Le Missionarie della Istituzione Clarettiana si trovano riunite nella loro XVI Assemblea Generale, in Vic, dal 17 luglio. Questo Isituto, che fa parte della Famiglia Clarettiana, \u00e8 stato fondato in Vic dal P. Luis Pujol, cmf, e dalla Sorella M. Dolors Sol\u00e0 per vivere lo spirito missionario di Ges\u00f9, secondo la forma di [&hellip;]<\/p>\n","protected":false},"author":1,"featured_media":55750,"comment_status":"closed","ping_status":"closed","sticky":false,"template":"","format":"standard","meta":{"_et_pb_use_builder":"","_et_pb_old_content":"","_et_gb_content_width":"","footnotes":""},"categories":[530,535,458],"tags":[],"class_list":["post-55756","post","type-post","status-publish","format-standard","has-post-thumbnail","hentry","category-famiglia-claretiana","category-la-congregazione","category-la-missione-clarettiana"],"jetpack_featured_media_url":"https:\/\/i0.wp.com\/www.claret.org\/wp-content\/uploads\/2019\/07\/MIC_1.jpg?fit=450%2C337&ssl=1","jetpack_sharing_enabled":true,"jetpack_shortlink":"https:\/\/wp.me\/pdaBmi-evi","jetpack_likes_enabled":true,"_links":{"self":[{"href":"https:\/\/www.claret.org\/it\/wp-json\/wp\/v2\/posts\/55756","targetHints":{"allow":["GET"]}}],"collection":[{"href":"https:\/\/www.claret.org\/it\/wp-json\/wp\/v2\/posts"}],"about":[{"href":"https:\/\/www.claret.org\/it\/wp-json\/wp\/v2\/types\/post"}],"author":[{"embeddable":true,"href":"https:\/\/www.claret.org\/it\/wp-json\/wp\/v2\/users\/1"}],"replies":[{"embeddable":true,"href":"https:\/\/www.claret.org\/it\/wp-json\/wp\/v2\/comments?post=55756"}],"version-history":[{"count":0,"href":"https:\/\/www.claret.org\/it\/wp-json\/wp\/v2\/posts\/55756\/revisions"}],"wp:featuredmedia":[{"embeddable":true,"href":"https:\/\/www.claret.org\/it\/wp-json\/wp\/v2\/media\/55750"}],"wp:attachment":[{"href":"https:\/\/www.claret.org\/it\/wp-json\/wp\/v2\/media?parent=55756"}],"wp:term":[{"taxonomy":"category","embeddable":true,"href":"https:\/\/www.claret.org\/it\/wp-json\/wp\/v2\/categories?post=55756"},{"taxonomy":"post_tag","embeddable":true,"href":"https:\/\/www.claret.org\/it\/wp-json\/wp\/v2\/tags?post=55756"}],"curies":[{"name":"wp","href":"https:\/\/api.w.org\/{rel}","templated":true}]}}