{"id":55778,"date":"2011-07-19T10:34:25","date_gmt":"2011-07-19T08:34:25","guid":{"rendered":"https:\/\/www.claret.org\/secolari-clarettiani-un-colore-specifico-nella-chiesa\/"},"modified":"2011-07-19T10:34:25","modified_gmt":"2011-07-19T08:34:25","slug":"secolari-clarettiani-un-colore-specifico-nella-chiesa","status":"publish","type":"post","link":"https:\/\/www.claret.org\/it\/secolari-clarettiani-un-colore-specifico-nella-chiesa\/","title":{"rendered":"Secolari Clarettiani: un colore specifico nella Chiesa"},"content":{"rendered":"<p><strong>Aparecida, Brasile.<\/strong> Il 17 luglio ha avuto inizio, in Aparecida, Brasile, l\u2019VIII Assemblea Generale del Movimento dei \u201cSecolari Clarettiani\u201d.<br \/>\nA 27 anni dalla sua costituzione come Movimento, i Secolari Clarettiani desiderano riflettere sulla propria forma di esistere, sentire e relazionarsi con Dio e con l\u2019umanit\u00e0.<br \/>\nLi orienta il titolo: \u201cPresente e futuro del Movimento dei Secolari Clarettiani\u201d.<\/p>\n<p>Per questo, le varie comunit\u00e0 di secolari hanno seguito una dinamica di lavoro che \u00e8 cominciata alcuni mesi fa e si concluder\u00e0 con questa Assemblea. Come responsabile del Movimento, li accompagna il P. Paul Smyth, cmf, Vicario Generale della Congregazione, insieme ad altri Missionari Clarettiani del Brasile e di alcune delle regioni ove sono presenti.<\/p>\n<p>L\u2019Assemblea \u00e8 cominciata con la celebrazione eucaristica nella Basilica di Nostra Signora Aparecida. Durante la Messa, Tino Rodriguez, SC, Segretario Generale, ha fatto una meditazione sulla Parola ascoltata.<\/p>\n<p>\u00abNoi, Secolari Clarettiani, siamo semi che non dobbiamo farci affogare dalla zizzania del mondo in cui siamo inseriti e viviamo. E, oltre che semi siamo anche seminatori, evangelizzatori. Siamo chiamati ad annunciare il Regno e a trasformare il mondo\u00bb.<\/p>\n<p>Alludendo ai colori e alle ideee del manifesto preparato per questa occasione (nella foto) da Auxi Villafuerte, SC di Siviglia, Tino Rodriguez ha detto: \u00abCome movimento carismatico abbiamo un colore specifico nella Chiesa. Siamo rosso fuoco. Il rosso dell\u2019amore, del cuore ardente di Maria. In esso ci forgiamo come frecce per essere lanciati nel mondo. In questa Assemblea dobbiamo saper accogliere la volont\u00e0 di Dio per conoscere la direzione verso cui dobbiamo andare. Non importa se siamo pochi, se abbiamo dei problemi o dei difetti. Un poco di lievito fa fermentare la pasta perch\u00e9 la forza dello Spirito e dell\u2019amor di Dio \u00e8 in noi\u00bb.<\/p>\n<p>Si pu\u00f2 seguire questa Assemblea in: <a href=\"http:\/\/8asamblea.blogspot.com\/\" rel=\"nofollow noopener\" target=\"_blank\">http:\/\/8asamblea.blogspot.com<\/a><\/p>\n","protected":false},"excerpt":{"rendered":"<p>Aparecida, Brasile. Il 17 luglio ha avuto inizio, in Aparecida, Brasile, l\u2019VIII Assemblea Generale del Movimento dei \u201cSecolari Clarettiani\u201d. A 27 anni dalla sua costituzione come Movimento, i Secolari Clarettiani desiderano riflettere sulla propria forma di esistere, sentire e relazionarsi con Dio e con l\u2019umanit\u00e0. Li orienta il titolo: \u201cPresente e futuro del Movimento dei [&hellip;]<\/p>\n","protected":false},"author":1,"featured_media":55765,"comment_status":"closed","ping_status":"closed","sticky":false,"template":"","format":"standard","meta":{"_et_pb_use_builder":"","_et_pb_old_content":"","_et_gb_content_width":"","footnotes":""},"categories":[2394,530,458,1098],"tags":[],"class_list":["post-55778","post","type-post","status-publish","format-standard","has-post-thumbnail","hentry","category-community-life-it","category-famiglia-claretiana","category-la-missione-clarettiana","category-parrocchie"],"jetpack_featured_media_url":"https:\/\/i0.wp.com\/www.claret.org\/wp-content\/uploads\/2019\/07\/SC_ASAMBLEA_BRASIL_2011.jpg?fit=450%2C629&ssl=1","jetpack_sharing_enabled":true,"jetpack_shortlink":"https:\/\/wp.me\/pdaBmi-evE","jetpack_likes_enabled":true,"_links":{"self":[{"href":"https:\/\/www.claret.org\/it\/wp-json\/wp\/v2\/posts\/55778","targetHints":{"allow":["GET"]}}],"collection":[{"href":"https:\/\/www.claret.org\/it\/wp-json\/wp\/v2\/posts"}],"about":[{"href":"https:\/\/www.claret.org\/it\/wp-json\/wp\/v2\/types\/post"}],"author":[{"embeddable":true,"href":"https:\/\/www.claret.org\/it\/wp-json\/wp\/v2\/users\/1"}],"replies":[{"embeddable":true,"href":"https:\/\/www.claret.org\/it\/wp-json\/wp\/v2\/comments?post=55778"}],"version-history":[{"count":0,"href":"https:\/\/www.claret.org\/it\/wp-json\/wp\/v2\/posts\/55778\/revisions"}],"wp:featuredmedia":[{"embeddable":true,"href":"https:\/\/www.claret.org\/it\/wp-json\/wp\/v2\/media\/55765"}],"wp:attachment":[{"href":"https:\/\/www.claret.org\/it\/wp-json\/wp\/v2\/media?parent=55778"}],"wp:term":[{"taxonomy":"category","embeddable":true,"href":"https:\/\/www.claret.org\/it\/wp-json\/wp\/v2\/categories?post=55778"},{"taxonomy":"post_tag","embeddable":true,"href":"https:\/\/www.claret.org\/it\/wp-json\/wp\/v2\/tags?post=55778"}],"curies":[{"name":"wp","href":"https:\/\/api.w.org\/{rel}","templated":true}]}}