{"id":55900,"date":"2011-07-13T11:09:26","date_gmt":"2011-07-13T09:09:26","guid":{"rendered":"https:\/\/www.claret.org\/nascita-di-una-nuova-nazione-sud-sudan-speranza-dellafrica\/"},"modified":"2011-07-13T11:09:26","modified_gmt":"2011-07-13T09:09:26","slug":"nascita-di-una-nuova-nazione-sud-sudan-speranza-dellafrica","status":"publish","type":"post","link":"https:\/\/www.claret.org\/it\/nascita-di-una-nuova-nazione-sud-sudan-speranza-dellafrica\/","title":{"rendered":"Nascita di una nuova nazione: Sud-Sudan. Speranza dell\u2019Africa"},"content":{"rendered":"<div class=\"field field-name-body field-type-text-with-summary field-label-hidden\">\n<div class=\"field-items\">\n<div class=\"field-item even\">\n<p><strong>Juba, Sud-Sudan. <\/strong> \u201cI clacson dei veicoli, in Juba,  hanno suonato lungamente per esprimere la gioia. Il giorno tanto sperato, 9 luglio 2011, rimarr\u00e0 scritto a caratteri d\u2019oro nella storia del Sud-Sudan, giorno in cui \u00e8 stato dichiarato Stato indipendente (\u2026)\u201d.<\/p>\n<p>Con queste parole di una lettera del gruppo intercongregazionale  \u201cSolidariet\u00e0 con il Sud-Sudan\u201d (SSS), il P. Joseph Callistus, cmf (nella foto), ci condivide la gioia di questo popolo che, dopo molte avversit\u00e0, ha ottenuto la sua indipendenza.<\/p>\n<p>Erano presenti pi\u00f9 di 30 capi di Stati africani e rappresentanti di quasi tutti i continenti, come pure  3.500 invitati, venuti per assistere all\u2019avvenimento storico. Nel suo discorso ufficiale il Presidente del nuovo Stato, Slava Kiir, ha espresso la sua preoccupazione per i latenti conflitti tribali ed ha insistito sui numerosi problemi che richiedono l\u2019attenzione immediata del governo. Tuttavia, nel suo messaggio prevalgono parole di speranza con cui invita il popolo a mantenersi unito e a creare una grande giustizia nell\u2019utilizzo dei mezzi di sviluppo.<\/p>\n<p>Il Delegato Papale per questa occasione, il Cardinal John Njue, di Nairobi, nella sua eloquente omelia pronunciata nella Cattedrale, ha segnalato le tre aree prioritarie che devono essere sviluppate immediatamente: \u201cpace, pace, pace\u201d, \u201ceducazione, educazione, educazione\u201d, \u201csalute, salute, salute\u201d, riassumendo cos\u00ec le principali preoccupazioni della nuova nazione.<\/p>\n<p>I partecipanti al Progetto Intercongregazionale \u201cSolidariet\u00e0 con il Sud-Sudan\u201d, a cui partecipano i Missionari Clarettiani, sono contenti perch\u00e9 queste sono pure le loro priorit\u00e0. \u201cStiamo lavorando senza tregua nella preparazione di agenti che lavorino per la pace mediante la riconciliazione, siamo coinvolti nella formazione di maestri di scuole primarie (il Sud-Sudan ha bisogno di 23.000 maestri) e siamo impegnati nella formazione di personale sanitario professionista (per il momento solo infermieri e presto affronteremo anche la formazione di levatrici)\u2026Siamo coscienti che il nostro contributo non \u00e8 solo una goccia nell\u2019oceano della povert\u00e0, ma siamo anche contenti perch\u00e9 questa goccia contribuir\u00e0 a cambiare il futuro di questo popolo.\u201d (<strong><a href=\"http:\/\/www2.claret.org\/it\/notizie\/13-07-2011\/index.php?option=com_rsgallery2&amp;page=inline&amp;id=1022&amp;Itemid=100262&amp;lang=es\" rel=\"nofollow noopener\" target=\"_blank\">Foto<\/a><\/strong>)<\/p>\n<\/div>\n<\/div>\n<\/div>\n","protected":false},"excerpt":{"rendered":"<p>Juba, Sud-Sudan. \u201cI clacson dei veicoli, in Juba, hanno suonato lungamente per esprimere la gioia. Il giorno tanto sperato, 9 luglio 2011, rimarr\u00e0 scritto a caratteri d\u2019oro nella storia del Sud-Sudan, giorno in cui \u00e8 stato dichiarato Stato indipendente (\u2026)\u201d. Con queste parole di una lettera del gruppo intercongregazionale \u201cSolidariet\u00e0 con il Sud-Sudan\u201d (SSS), il [&hellip;]<\/p>\n","protected":false},"author":1,"featured_media":55894,"comment_status":"closed","ping_status":"closed","sticky":false,"template":"","format":"standard","meta":{"_et_pb_use_builder":"","_et_pb_old_content":"","_et_gb_content_width":"","footnotes":""},"categories":[530,444,190],"tags":[],"class_list":["post-55900","post","type-post","status-publish","format-standard","has-post-thumbnail","hentry","category-famiglia-claretiana","category-solidarieta-e-missione","category-west-nigeria-it"],"jetpack_featured_media_url":"https:\/\/i0.wp.com\/www.claret.org\/wp-content\/uploads\/2019\/07\/Sudan1.jpg?fit=450%2C337&ssl=1","jetpack_sharing_enabled":true,"jetpack_shortlink":"https:\/\/wp.me\/pdaBmi-exC","jetpack_likes_enabled":true,"_links":{"self":[{"href":"https:\/\/www.claret.org\/it\/wp-json\/wp\/v2\/posts\/55900","targetHints":{"allow":["GET"]}}],"collection":[{"href":"https:\/\/www.claret.org\/it\/wp-json\/wp\/v2\/posts"}],"about":[{"href":"https:\/\/www.claret.org\/it\/wp-json\/wp\/v2\/types\/post"}],"author":[{"embeddable":true,"href":"https:\/\/www.claret.org\/it\/wp-json\/wp\/v2\/users\/1"}],"replies":[{"embeddable":true,"href":"https:\/\/www.claret.org\/it\/wp-json\/wp\/v2\/comments?post=55900"}],"version-history":[{"count":0,"href":"https:\/\/www.claret.org\/it\/wp-json\/wp\/v2\/posts\/55900\/revisions"}],"wp:featuredmedia":[{"embeddable":true,"href":"https:\/\/www.claret.org\/it\/wp-json\/wp\/v2\/media\/55894"}],"wp:attachment":[{"href":"https:\/\/www.claret.org\/it\/wp-json\/wp\/v2\/media?parent=55900"}],"wp:term":[{"taxonomy":"category","embeddable":true,"href":"https:\/\/www.claret.org\/it\/wp-json\/wp\/v2\/categories?post=55900"},{"taxonomy":"post_tag","embeddable":true,"href":"https:\/\/www.claret.org\/it\/wp-json\/wp\/v2\/tags?post=55900"}],"curies":[{"name":"wp","href":"https:\/\/api.w.org\/{rel}","templated":true}]}}