{"id":56353,"date":"2011-05-20T16:39:36","date_gmt":"2011-05-20T14:39:36","guid":{"rendered":"https:\/\/www.claret.org\/verso-una-nuova-delegazione\/"},"modified":"2011-05-20T16:39:36","modified_gmt":"2011-05-20T14:39:36","slug":"verso-una-nuova-delegazione","status":"publish","type":"post","link":"https:\/\/www.claret.org\/it\/verso-una-nuova-delegazione\/","title":{"rendered":"Verso una nuova Delegazione"},"content":{"rendered":"<p><b>Yaound\u00e9, Camer\u00fan. <\/b>Il 13 maggio si \u00e8 svolta, a Nkolbisson, un\u2019Assemblea dei Clarettiani che risiedono e lavorano in Camerun.<br \/>\nL\u2019Assemblea \u00e8 stata presieduta dal Superiore Generale della Congregazione, P. Josep Ma Abella, cmf, ed ha avuto pure la partecipazione del P. Domingo Grill\u00eca, cmf, Economo Generale, il quale ha preso la parola per abbordare il tema dell\u2019economia.<\/p>\n<p>Il P. Generale ha ringraziato per la presenza dei clarettiani ed il loro impegno al servizio di questa Chiesa locale. Ha analizzato pure le ragioni che lo hanno spinto ha promuovere il processo di integrazione e di riorganizzazione della Congregazione. Finalmente, dopo la messa in comune di un lavoro di discernimento, ha sollecitato ed ha avuto l\u2019approvazione dai membri dell\u2019Assemblea per continuare l\u2019opera di consolidamento del progetto clarettiano in Camerun.<\/p>\n<p>Dallo scambio di idee (su spiritualit\u00e0, personale, formazione ed economia) ne \u00e8 venuta fuori una richiesta di circostanza, quella di fare un\u2019altra assemblea e di creare una commissione per coordinare e porre le basi della nuova Delegazione.<\/p>\n<p>La giornata si \u00e8 conclusa con la celebrazione dell\u2019Eucarestia, animata dagli studenti e presieduta dal P. Generale a cui ha fatto seguito una cena fraterna.<\/p>\n","protected":false},"excerpt":{"rendered":"<p>Yaound\u00e9, Camer\u00fan. Il 13 maggio si \u00e8 svolta, a Nkolbisson, un\u2019Assemblea dei Clarettiani che risiedono e lavorano in Camerun. L\u2019Assemblea \u00e8 stata presieduta dal Superiore Generale della Congregazione, P. Josep Ma Abella, cmf, ed ha avuto pure la partecipazione del P. Domingo Grill\u00eca, cmf, Economo Generale, il quale ha preso la parola per abbordare il [&hellip;]<\/p>\n","protected":false},"author":1,"featured_media":56347,"comment_status":"closed","ping_status":"closed","sticky":false,"template":"","format":"standard","meta":{"_et_pb_use_builder":"","_et_pb_old_content":"","_et_gb_content_width":"","footnotes":""},"categories":[134,1615],"tags":[],"class_list":["post-56353","post","type-post","status-publish","format-standard","has-post-thumbnail","hentry","category-cameroun-it","category-josep-abella-batlle-it"],"jetpack_featured_media_url":"https:\/\/i0.wp.com\/www.claret.org\/wp-content\/uploads\/2019\/07\/Camern.jpg?fit=450%2C275&ssl=1","jetpack_sharing_enabled":true,"jetpack_shortlink":"https:\/\/wp.me\/pdaBmi-eEV","jetpack_likes_enabled":true,"_links":{"self":[{"href":"https:\/\/www.claret.org\/it\/wp-json\/wp\/v2\/posts\/56353","targetHints":{"allow":["GET"]}}],"collection":[{"href":"https:\/\/www.claret.org\/it\/wp-json\/wp\/v2\/posts"}],"about":[{"href":"https:\/\/www.claret.org\/it\/wp-json\/wp\/v2\/types\/post"}],"author":[{"embeddable":true,"href":"https:\/\/www.claret.org\/it\/wp-json\/wp\/v2\/users\/1"}],"replies":[{"embeddable":true,"href":"https:\/\/www.claret.org\/it\/wp-json\/wp\/v2\/comments?post=56353"}],"version-history":[{"count":0,"href":"https:\/\/www.claret.org\/it\/wp-json\/wp\/v2\/posts\/56353\/revisions"}],"wp:featuredmedia":[{"embeddable":true,"href":"https:\/\/www.claret.org\/it\/wp-json\/wp\/v2\/media\/56347"}],"wp:attachment":[{"href":"https:\/\/www.claret.org\/it\/wp-json\/wp\/v2\/media?parent=56353"}],"wp:term":[{"taxonomy":"category","embeddable":true,"href":"https:\/\/www.claret.org\/it\/wp-json\/wp\/v2\/categories?post=56353"},{"taxonomy":"post_tag","embeddable":true,"href":"https:\/\/www.claret.org\/it\/wp-json\/wp\/v2\/tags?post=56353"}],"curies":[{"name":"wp","href":"https:\/\/api.w.org\/{rel}","templated":true}]}}