{"id":57165,"date":"2011-02-10T12:25:00","date_gmt":"2011-02-10T11:25:00","guid":{"rendered":"https:\/\/www.claret.org\/incendio-nella-comarca-di-kuna-yala-sono-centinaia-i-danneggiati\/"},"modified":"2011-02-10T12:25:00","modified_gmt":"2011-02-10T11:25:00","slug":"incendio-nella-comarca-di-kuna-yala-sono-centinaia-i-danneggiati","status":"publish","type":"post","link":"https:\/\/www.claret.org\/it\/incendio-nella-comarca-di-kuna-yala-sono-centinaia-i-danneggiati\/","title":{"rendered":"Incendio nella comarca di Kuna Yala. Sono centinaia i danneggiati"},"content":{"rendered":"<p><strong>Panam\u00e1. <\/strong>Pi\u00f9 di 300 persone sono state danneggiate da un incendio scoppiato in Play\u00f2n Chico, comarca di kuna Yala (Panama), dove i claretti ani disimpegnano il loro servizio missionario. Il sinistro \u00e8 avvenuto nella mattinata di sabato 5 febbraio, distruggendo 56 alloggi e colpendo pure la chiesa e la casa dei clarettiani.<\/p>\n<p>Il P. Luis Miguel Nebreda, CMF, che vi abita e il P. Fredy Ramirez, CMF, che dirige il blog <a href=\"http:\/\/misionkunayala.blogspot.com\/\" rel=\"nofollow noopener\" target=\"_blank\">http:\/\/misionkunayala.blogspot.com\/<\/a> invitano alla solidariet\u00e0 con questo popolo molto povero, anche prima dell\u2019incendio.<\/p>\n","protected":false},"excerpt":{"rendered":"<p>Panam\u00e1. Pi\u00f9 di 300 persone sono state danneggiate da un incendio scoppiato in Play\u00f2n Chico, comarca di kuna Yala (Panama), dove i claretti ani disimpegnano il loro servizio missionario. Il sinistro \u00e8 avvenuto nella mattinata di sabato 5 febbraio, distruggendo 56 alloggi e colpendo pure la chiesa e la casa dei clarettiani. Il P. Luis [&hellip;]<\/p>\n","protected":false},"author":1,"featured_media":57159,"comment_status":"closed","ping_status":"closed","sticky":false,"template":"","format":"standard","meta":{"_et_pb_use_builder":"","_et_pb_old_content":"","_et_gb_content_width":"","footnotes":""},"categories":[367,530,444],"tags":[],"class_list":["post-57165","post","type-post","status-publish","format-standard","has-post-thumbnail","hentry","category-centroamerica-it","category-famiglia-claretiana","category-solidarieta-e-missione"],"jetpack_featured_media_url":"https:\/\/i0.wp.com\/www.claret.org\/wp-content\/uploads\/2019\/07\/KunaYala_1.jpg?fit=450%2C358&ssl=1","jetpack_sharing_enabled":true,"jetpack_shortlink":"https:\/\/wp.me\/pdaBmi-eS1","jetpack_likes_enabled":true,"_links":{"self":[{"href":"https:\/\/www.claret.org\/it\/wp-json\/wp\/v2\/posts\/57165","targetHints":{"allow":["GET"]}}],"collection":[{"href":"https:\/\/www.claret.org\/it\/wp-json\/wp\/v2\/posts"}],"about":[{"href":"https:\/\/www.claret.org\/it\/wp-json\/wp\/v2\/types\/post"}],"author":[{"embeddable":true,"href":"https:\/\/www.claret.org\/it\/wp-json\/wp\/v2\/users\/1"}],"replies":[{"embeddable":true,"href":"https:\/\/www.claret.org\/it\/wp-json\/wp\/v2\/comments?post=57165"}],"version-history":[{"count":0,"href":"https:\/\/www.claret.org\/it\/wp-json\/wp\/v2\/posts\/57165\/revisions"}],"wp:featuredmedia":[{"embeddable":true,"href":"https:\/\/www.claret.org\/it\/wp-json\/wp\/v2\/media\/57159"}],"wp:attachment":[{"href":"https:\/\/www.claret.org\/it\/wp-json\/wp\/v2\/media?parent=57165"}],"wp:term":[{"taxonomy":"category","embeddable":true,"href":"https:\/\/www.claret.org\/it\/wp-json\/wp\/v2\/categories?post=57165"},{"taxonomy":"post_tag","embeddable":true,"href":"https:\/\/www.claret.org\/it\/wp-json\/wp\/v2\/tags?post=57165"}],"curies":[{"name":"wp","href":"https:\/\/api.w.org\/{rel}","templated":true}]}}