{"id":57219,"date":"2011-02-09T15:12:15","date_gmt":"2011-02-09T14:12:15","guid":{"rendered":"https:\/\/www.claret.org\/riunione-della-commissione-per-la-revisione-del-direttorio-cmf\/"},"modified":"2011-02-09T15:12:15","modified_gmt":"2011-02-09T14:12:15","slug":"riunione-della-commissione-per-la-revisione-del-direttorio-cmf","status":"publish","type":"post","link":"https:\/\/www.claret.org\/it\/riunione-della-commissione-per-la-revisione-del-direttorio-cmf\/","title":{"rendered":"Riunione della Commissione per la revisione del Direttorio CMF"},"content":{"rendered":"<p><strong>Roma.<\/strong> Il 24 gennaio \u00e8 iniziato, nella Curia Generalizia, una riunione della Commissione per la revisione del Direttorio CMF.<\/p>\n<p>Presiede la riunione il P. Jos\u00e9 F\u00e9lix Valderr\u00e0bano, Segretario del Governo Generale e vi partecipano i Padri: Emmanuel Edeh, Consultore Generale; Manuel Arroba, Superiore della comunit\u00e0 del Giuridico di Roma; Manuel Carrasco, Segretario della Provincia Betica e Mathew Pottemparampil, di Bangalore, attualmente membro della comunit\u00e0 del Claretianum di Roma.<\/p>\n<p>L\u2019obbiettivo della riunione \u00e8 quello di aggiornare il Direttorio CMF, la cui edizione vigente data dell\u2019anno 1999. Col passar del tempo era conveniente l\u2019aggiornamento di alcune sue norme e l\u2019incorporazione delle disposizioni segnalate dai due ultimi Capitoli Generali.<\/p>\n<p>Il risultato del lavoro che sta facendo la Commissione sar\u00e0 presentato al Governo Generale per lo studio e l\u2019approvazione nelle sessioni di marzo.  A partire da allora, si preparer\u00e0 una nuova edizione del Direttorio.<\/p>\n","protected":false},"excerpt":{"rendered":"<p>Roma. Il 24 gennaio \u00e8 iniziato, nella Curia Generalizia, una riunione della Commissione per la revisione del Direttorio CMF. Presiede la riunione il P. Jos\u00e9 F\u00e9lix Valderr\u00e0bano, Segretario del Governo Generale e vi partecipano i Padri: Emmanuel Edeh, Consultore Generale; Manuel Arroba, Superiore della comunit\u00e0 del Giuridico di Roma; Manuel Carrasco, Segretario della Provincia Betica [&hellip;]<\/p>\n","protected":false},"author":1,"featured_media":57213,"comment_status":"closed","ping_status":"closed","sticky":false,"template":"","format":"standard","meta":{"_et_pb_use_builder":"","_et_pb_old_content":"","_et_gb_content_width":"","footnotes":""},"categories":[590,535],"tags":[],"class_list":["post-57219","post","type-post","status-publish","format-standard","has-post-thumbnail","hentry","category-curia-generale","category-la-congregazione"],"jetpack_featured_media_url":"https:\/\/i0.wp.com\/www.claret.org\/wp-content\/uploads\/2019\/07\/DirCMF_1.jpg?fit=500%2C333&ssl=1","jetpack_sharing_enabled":true,"jetpack_shortlink":"https:\/\/wp.me\/pdaBmi-eST","jetpack_likes_enabled":true,"_links":{"self":[{"href":"https:\/\/www.claret.org\/it\/wp-json\/wp\/v2\/posts\/57219","targetHints":{"allow":["GET"]}}],"collection":[{"href":"https:\/\/www.claret.org\/it\/wp-json\/wp\/v2\/posts"}],"about":[{"href":"https:\/\/www.claret.org\/it\/wp-json\/wp\/v2\/types\/post"}],"author":[{"embeddable":true,"href":"https:\/\/www.claret.org\/it\/wp-json\/wp\/v2\/users\/1"}],"replies":[{"embeddable":true,"href":"https:\/\/www.claret.org\/it\/wp-json\/wp\/v2\/comments?post=57219"}],"version-history":[{"count":0,"href":"https:\/\/www.claret.org\/it\/wp-json\/wp\/v2\/posts\/57219\/revisions"}],"wp:featuredmedia":[{"embeddable":true,"href":"https:\/\/www.claret.org\/it\/wp-json\/wp\/v2\/media\/57213"}],"wp:attachment":[{"href":"https:\/\/www.claret.org\/it\/wp-json\/wp\/v2\/media?parent=57219"}],"wp:term":[{"taxonomy":"category","embeddable":true,"href":"https:\/\/www.claret.org\/it\/wp-json\/wp\/v2\/categories?post=57219"},{"taxonomy":"post_tag","embeddable":true,"href":"https:\/\/www.claret.org\/it\/wp-json\/wp\/v2\/tags?post=57219"}],"curies":[{"name":"wp","href":"https:\/\/api.w.org\/{rel}","templated":true}]}}