{"id":58160,"date":"2010-07-14T10:57:46","date_gmt":"2010-07-14T08:57:46","guid":{"rendered":"https:\/\/www.claret.org\/peru-in-assemblea\/"},"modified":"2010-07-14T10:57:46","modified_gmt":"2010-07-14T08:57:46","slug":"peru-in-assemblea","status":"publish","type":"post","link":"https:\/\/www.claret.org\/it\/peru-in-assemblea\/","title":{"rendered":"Peru? in Assemblea"},"content":{"rendered":"<p><strong>Lima, Per\u00f9<\/strong>. Il giorno 13 luglio \u00e8 iniziata la XIIa Assemblea della Delegazione Indipendente del Per\u00f9. Vi partecipano 40 clarettiani, diretti dal P. Agostino Monroy, Consultore Generale.<\/p>\n<p>La presente Assemblea conta anche sulla presenza di vari clarettiani provenienti dalla Delegazione della Bolivia, come pure sulla presenza del P. Lambert Okere, destinato recentemente<\/p>\n<p>a questa Delegazione, in concreto alla nostra comunit\u00e0 di Arequipa.<\/p>\n<p>Come in ogni Assemblea, si \u00e8 incominciato ad eleggere i segretari, i moderatori; poi si \u00e8 proceduto alla lettura e alla revisione delle memorie di governo e di economia. Da questa analisi ne verranno le risoluzioni che dovranno essere affrontate per le linee di azione che proporr\u00e0 la stessa Assemblea.<\/p>\n<p>Si \u00e8 programmato la conclusione dell\u2019Assemblea per il 16 luglio, festa della fondazione della Congregazione. Questo stesso giorno, avr\u00e0 inizio formalmente la nuova Provincia, sorta dalla fusione delle Delegazioni Indipendenti di Per\u00f9 e Bolivia. A tale scopo, gi\u00e0 \u00e8 stato nominato un gruppo provvisorio di governo, come abbiamo gi\u00e0 informato nei giorni passati.<\/p>\n","protected":false},"excerpt":{"rendered":"<p>Lima, Per\u00f9. Il giorno 13 luglio \u00e8 iniziata la XIIa Assemblea della Delegazione Indipendente del Per\u00f9. Vi partecipano 40 clarettiani, diretti dal P. Agostino Monroy, Consultore Generale. La presente Assemblea conta anche sulla presenza di vari clarettiani provenienti dalla Delegazione della Bolivia, come pure sulla presenza del P. Lambert Okere, destinato recentemente a questa Delegazione, [&hellip;]<\/p>\n","protected":false},"author":1,"featured_media":0,"comment_status":"closed","ping_status":"closed","sticky":false,"template":"","format":"standard","meta":{"_et_pb_use_builder":"","_et_pb_old_content":"","_et_gb_content_width":"","footnotes":""},"categories":[391],"tags":[],"class_list":["post-58160","post","type-post","status-publish","format-standard","hentry","category-peru-bolivia-it"],"jetpack_featured_media_url":"","jetpack_sharing_enabled":true,"jetpack_shortlink":"https:\/\/wp.me\/pdaBmi-f84","jetpack_likes_enabled":true,"_links":{"self":[{"href":"https:\/\/www.claret.org\/it\/wp-json\/wp\/v2\/posts\/58160","targetHints":{"allow":["GET"]}}],"collection":[{"href":"https:\/\/www.claret.org\/it\/wp-json\/wp\/v2\/posts"}],"about":[{"href":"https:\/\/www.claret.org\/it\/wp-json\/wp\/v2\/types\/post"}],"author":[{"embeddable":true,"href":"https:\/\/www.claret.org\/it\/wp-json\/wp\/v2\/users\/1"}],"replies":[{"embeddable":true,"href":"https:\/\/www.claret.org\/it\/wp-json\/wp\/v2\/comments?post=58160"}],"version-history":[{"count":0,"href":"https:\/\/www.claret.org\/it\/wp-json\/wp\/v2\/posts\/58160\/revisions"}],"wp:attachment":[{"href":"https:\/\/www.claret.org\/it\/wp-json\/wp\/v2\/media?parent=58160"}],"wp:term":[{"taxonomy":"category","embeddable":true,"href":"https:\/\/www.claret.org\/it\/wp-json\/wp\/v2\/categories?post=58160"},{"taxonomy":"post_tag","embeddable":true,"href":"https:\/\/www.claret.org\/it\/wp-json\/wp\/v2\/tags?post=58160"}],"curies":[{"name":"wp","href":"https:\/\/api.w.org\/{rel}","templated":true}]}}