{"id":58218,"date":"2010-06-11T12:38:46","date_gmt":"2010-06-11T10:38:46","guid":{"rendered":"https:\/\/www.claret.org\/saluto-del-padre-generale\/"},"modified":"2010-06-11T12:38:46","modified_gmt":"2010-06-11T10:38:46","slug":"saluto-del-padre-generale","status":"publish","type":"post","link":"https:\/\/www.claret.org\/it\/saluto-del-padre-generale\/","title":{"rendered":"Saluto del Padre Generale"},"content":{"rendered":"<p><strong>Per la festa del Cuore di Maria.<br \/>\n<\/strong>Il libro degli Atti degli Apostoli ci presenta la comunit\u00e0 dei discepoli e delle discepole di Ges\u00f9 riuniti in Gerusalemme insieme a Maria, la Madre di Ges\u00f9 (cfr. Atti 1,12-14). E\u2019 una comunit\u00e0 che ricorda la sua esperienza di vita con il Maestro, che riflette su tutto ci\u00f2 che \u00e8 avvenuto, che si consolida con la presenza di coloro che hanno condiviso il cammino con Ges\u00f9 e che aggiunge uno di essi al gruppo dei dodici (cfr. Atti 1,15-24).<\/p>\n<p>Che si prepara per ricevere il dono dello Spirito che lo stesso Ges\u00f9 aveva loro promesso (cfr. Atti 2,1-4).<br \/>\nMaria \u00e8 presente nella comunit\u00e0, apportando la sua esperienza di vita con Ges\u00f9, suo figlio (cfr. Lc 2,19), animando tutti a credere in Colui che compie le sue promesse e la cui presenza rinnova tutte le cose (cfr. Lc 1,46-55), esortando tutti a dire un \u201cSi\u201d pieno di fede e generoso al progetto del Regno, come Essa stessa aveva fatto all\u2019inizio del suo cammino (cfr Lc 1,38). Essa, che era stata dichiarata beata per avere ascoltato la Parola e averle aperto il cuore e tutte le dimensioni della sua vita (cfr Lc 1,45; 11,28), \u00e8 l\u00ec per sostenere il cammino della nascente comunit\u00e0 cristiana.<\/p>\n<p>La celebrazione della festa del Cuore di Maria ci invita a prendere di nuovo coscienza della presenza di Maria nella nostra vita e nella nostra comunit\u00e0.<br \/>\nCon Essa, ci sentiamo amati da Dio, inviati da Ges\u00f9, accompagnati dalla presenza dello Spirito che ci rende adatti alla missione. Insieme ad Essa ci vediamo fratelli, membri di una stessa famiglia che ha ricevuto un nuovo nome: figli del suo Cuore.<br \/>\nDa Essa impariamo quei tratti di compassione e di tenerezza che sono imprescindibili per costruire una fraternit\u00e0 e che permettono che il Vangelo fecondi la vita delle persone. Uniti ad Essa ci azzardiamo a proclamare la nostra fede nel Regno in un mondo in cui sembra non adempiersi la nuova realt\u00e0 proclamata nel Magnificat e ad impegnarci a vivere e a lavorare con questa speranza e con questi valori.<\/p>\n<p>La celebrazione della festa del Cuore di Maria ci aiuti a continuare a mantenere accesa la fiamma della vocazione missionaria. Che cresca in ognuno di noi questo fuoco.<\/p>\n<p>Roma, 12 giugno 2010.<\/p>\n<p>Josep M. Abella, cmf. Superiore Generale.<\/p>\n","protected":false},"excerpt":{"rendered":"<p>Per la festa del Cuore di Maria. Il libro degli Atti degli Apostoli ci presenta la comunit\u00e0 dei discepoli e delle discepole di Ges\u00f9 riuniti in Gerusalemme insieme a Maria, la Madre di Ges\u00f9 (cfr. Atti 1,12-14). E\u2019 una comunit\u00e0 che ricorda la sua esperienza di vita con il Maestro, che riflette su tutto ci\u00f2 [&hellip;]<\/p>\n","protected":false},"author":1,"featured_media":0,"comment_status":"closed","ping_status":"closed","sticky":false,"template":"","format":"standard","meta":{"_et_pb_use_builder":"","_et_pb_old_content":"","_et_gb_content_width":"","footnotes":""},"categories":[530,421,535,1098],"tags":[],"class_list":["post-58218","post","type-post","status-publish","format-standard","hentry","category-famiglia-claretiana","category-vita-consacrata","category-la-congregazione","category-parrocchie"],"jetpack_featured_media_url":"","jetpack_sharing_enabled":true,"jetpack_shortlink":"https:\/\/wp.me\/pdaBmi-f90","jetpack_likes_enabled":true,"_links":{"self":[{"href":"https:\/\/www.claret.org\/it\/wp-json\/wp\/v2\/posts\/58218","targetHints":{"allow":["GET"]}}],"collection":[{"href":"https:\/\/www.claret.org\/it\/wp-json\/wp\/v2\/posts"}],"about":[{"href":"https:\/\/www.claret.org\/it\/wp-json\/wp\/v2\/types\/post"}],"author":[{"embeddable":true,"href":"https:\/\/www.claret.org\/it\/wp-json\/wp\/v2\/users\/1"}],"replies":[{"embeddable":true,"href":"https:\/\/www.claret.org\/it\/wp-json\/wp\/v2\/comments?post=58218"}],"version-history":[{"count":0,"href":"https:\/\/www.claret.org\/it\/wp-json\/wp\/v2\/posts\/58218\/revisions"}],"wp:attachment":[{"href":"https:\/\/www.claret.org\/it\/wp-json\/wp\/v2\/media?parent=58218"}],"wp:term":[{"taxonomy":"category","embeddable":true,"href":"https:\/\/www.claret.org\/it\/wp-json\/wp\/v2\/categories?post=58218"},{"taxonomy":"post_tag","embeddable":true,"href":"https:\/\/www.claret.org\/it\/wp-json\/wp\/v2\/tags?post=58218"}],"curies":[{"name":"wp","href":"https:\/\/api.w.org\/{rel}","templated":true}]}}