{"id":58338,"date":"2010-04-25T09:21:50","date_gmt":"2010-04-25T07:21:50","guid":{"rendered":"https:\/\/www.claret.org\/informazione-sul-p-armin-sixt\/"},"modified":"2010-04-25T09:21:50","modified_gmt":"2010-04-25T07:21:50","slug":"informazione-sul-p-armin-sixt","status":"publish","type":"post","link":"https:\/\/www.claret.org\/it\/informazione-sul-p-armin-sixt\/","title":{"rendered":"Informazione sul P. Armin Sixt"},"content":{"rendered":"<p><strong>Sri Lanka<\/strong>. Trasmettiamo le ultime notizie ricevute dal P. James Patteril, sulle condizioni del P. Provinciale della Provincia della Germania.<\/p>\n<p>I Padri James (Economo della Germania) e Rohan (Superiore della Missione dello Sri Lanka), hanno parlato coi medici. Era prevista un\u2019altra tomografia computerizzata per oggi. Per questo, volevano togliere<\/p>\n<p>al P. Armin la respirazione artificiale. Per\u00f2 non \u00e8 stato possibile.<\/p>\n<p>Al momento non c\u2019\u00e8 pericolo di morte, ma i polmoni sono colpiti gravemente poich\u00e9 si \u00e8 trovato in essi resti di cibo. Sembra che il P. Armin abbia mangiato qualcosa prima dell\u2019incidente e questo ha reso difficili gli esami. Inoltre i medici hanno ammesso che pu\u00f2 giungere una febbre o una embolia polmonare.<\/p>\n<p>Il cervello \u00e8 stato danneggiato pi\u00f9 gravemente di quello che si pensava all\u2019inizio. Secondo gli accertamenti fatti, il Padre potr\u00e0 continuare a vivere, ma, secondo i medici, rester\u00e0 invalido.<\/p>\n<p>E\u2019 una notizia triste che oscura un giorno di festa per la comunit\u00e0 dello Sri Lanka, visto che oggi sar\u00e0 ordinato Presbitero il diacono Ronald.<\/p>\n","protected":false},"excerpt":{"rendered":"<p>Sri Lanka. Trasmettiamo le ultime notizie ricevute dal P. James Patteril, sulle condizioni del P. Provinciale della Provincia della Germania. I Padri James (Economo della Germania) e Rohan (Superiore della Missione dello Sri Lanka), hanno parlato coi medici. Era prevista un\u2019altra tomografia computerizzata per oggi. Per questo, volevano togliere al P. Armin la respirazione artificiale. [&hellip;]<\/p>\n","protected":false},"author":1,"featured_media":0,"comment_status":"closed","ping_status":"closed","sticky":false,"template":"","format":"standard","meta":{"_et_pb_use_builder":"","_et_pb_old_content":"","_et_gb_content_width":"","footnotes":""},"categories":[429],"tags":[],"class_list":["post-58338","post","type-post","status-publish","format-standard","hentry","category-pastorale-della-salute"],"jetpack_featured_media_url":"","jetpack_sharing_enabled":true,"jetpack_shortlink":"https:\/\/wp.me\/pdaBmi-faW","jetpack_likes_enabled":true,"_links":{"self":[{"href":"https:\/\/www.claret.org\/it\/wp-json\/wp\/v2\/posts\/58338","targetHints":{"allow":["GET"]}}],"collection":[{"href":"https:\/\/www.claret.org\/it\/wp-json\/wp\/v2\/posts"}],"about":[{"href":"https:\/\/www.claret.org\/it\/wp-json\/wp\/v2\/types\/post"}],"author":[{"embeddable":true,"href":"https:\/\/www.claret.org\/it\/wp-json\/wp\/v2\/users\/1"}],"replies":[{"embeddable":true,"href":"https:\/\/www.claret.org\/it\/wp-json\/wp\/v2\/comments?post=58338"}],"version-history":[{"count":0,"href":"https:\/\/www.claret.org\/it\/wp-json\/wp\/v2\/posts\/58338\/revisions"}],"wp:attachment":[{"href":"https:\/\/www.claret.org\/it\/wp-json\/wp\/v2\/media?parent=58338"}],"wp:term":[{"taxonomy":"category","embeddable":true,"href":"https:\/\/www.claret.org\/it\/wp-json\/wp\/v2\/categories?post=58338"},{"taxonomy":"post_tag","embeddable":true,"href":"https:\/\/www.claret.org\/it\/wp-json\/wp\/v2\/tags?post=58338"}],"curies":[{"name":"wp","href":"https:\/\/api.w.org\/{rel}","templated":true}]}}