{"id":58479,"date":"2010-03-02T16:19:18","date_gmt":"2010-03-02T15:19:18","guid":{"rendered":"https:\/\/www.claret.org\/seconda-lettera-del-padre-generale\/"},"modified":"2010-03-02T16:19:18","modified_gmt":"2010-03-02T15:19:18","slug":"seconda-lettera-del-padre-generale","status":"publish","type":"post","link":"https:\/\/www.claret.org\/it\/seconda-lettera-del-padre-generale\/","title":{"rendered":"Seconda Lettera del Padre Generale"},"content":{"rendered":"<p><b>Canada<\/b>. <i>A motivo del terremoto del Cile, il P. Josep Maria Abella, Superiore Generale, ha inviato una seconda lettera ai Superiori Maggiori chiedendo solidariet\u00e0 con i colpiti.<br \/>\n<\/i><br \/>\nMontreal, 28 febbraio 2010<\/p>\n<p>Ai Superiori Maggiori.<br \/>\nCari confratelli:<br \/>\ncon vera angustia e preoccupazione abbiamo seguito tutte le inquietanti notizie<\/p>\n<p>sul forte terremoto che ha colpito il Cile. I dati si vanno aggravando a misura che passano le ore. Il numero delle persone che hanno perso la vita e i danni materiali provocati ci lasciano angosciati in un profondo dolore.<\/p>\n<p>E\u2019 passato poco pi\u00f9 di un mese da quando abbiamo assistito, sgomenti, alla terribile tragedia provocata dal terremoto di Haiti. Oggi \u00e8 il Cile, colpito da un evento simile che, fortunatamente, non ha causato tante vittime.<\/p>\n<p>Dopo aver tentato, senza esito, di pormi in contatto telefonicamente con il Superiore Maggiore della Delegazione, questi mi ha anticipato per informarmi della situazione dei nostri confratelli di quella Delegazione e dei loro familiari. Grazie a Dio non si devono registrare disgrazie personali, sebbene rimanga un grande dolore davanti alla situazione di tante persone colpite. C\u2019\u00e8 da lamentare danni materiali notevoli al Santuario di Curic\u00f2 che rimarr\u00e0 praticamente inservibile e, in minor grado ma pur sempre importanti, alla Basilica di Santiago. Mi dice il P. Cabr\u00e9 che la grande chiesa di Linares, recentemente consegnata alla Diocesi, \u00e8 stata distrutta dal terremoto. Si parla anche di danni importanti in diverse strutture clarettiane di Temuco. Tutto ci\u00f2 \u00e8 fonte di preoccupazione e ci chiama alla solidariet\u00e0. I nostri confratelli del Cile si stanno mettendo generosamente al servizio della gente pi\u00f9 colpita dal terremoto.<\/p>\n<p>E\u2019 il momento di dimostrare la nostra solidariet\u00e0 con questi nostri confratelli e con la loro gente. Apriamo un conto nel Fundus per coloro che desiderano far giungere i loro aiuti. Tutte le Provincie e Delegazioni sono state molto generose con Haiti. Ci tocca ora far giungere al Cile un aiuto urgente che esige di nuovo un gesto di solidariet\u00e0 da parte di tutti. Sono sicuro che questa chiamata incontrer\u00e0 una risposta pronta e generosa in tutte le Provincie e Delegazioni. Ho chiesto al P. Agostino Cabr\u00e9 che mi tenga informato sulla situazione. Faremo giungere le notizie attraverso la pagina della Congregazione.<\/p>\n<p>Che Dio illumini la Chiesa cilena per trovare il modo migliore di essere sacramento del suo amore in questo momento di dolore. Chiedo a Maria che ispiri i nostri confratelli della Delegazione cilena perch\u00e9 possano essere veri strumenti di speranza.<\/p>\n<p>Un abbraccio fraterno,<\/p>\n<p>Josep M. Abella, cmf.<\/p>\n<p>Superiore Generale<\/p>\n","protected":false},"excerpt":{"rendered":"<p>Canada. A motivo del terremoto del Cile, il P. Josep Maria Abella, Superiore Generale, ha inviato una seconda lettera ai Superiori Maggiori chiedendo solidariet\u00e0 con i colpiti. Montreal, 28 febbraio 2010 Ai Superiori Maggiori. Cari confratelli: con vera angustia e preoccupazione abbiamo seguito tutte le inquietanti notizie sul forte terremoto che ha colpito il Cile. [&hellip;]<\/p>\n","protected":false},"author":1,"featured_media":0,"comment_status":"closed","ping_status":"closed","sticky":false,"template":"","format":"standard","meta":{"_et_pb_use_builder":"","_et_pb_old_content":"","_et_gb_content_width":"","footnotes":""},"categories":[530,1615,458],"tags":[],"class_list":["post-58479","post","type-post","status-publish","format-standard","hentry","category-famiglia-claretiana","category-josep-abella-batlle-it","category-la-missione-clarettiana"],"jetpack_featured_media_url":"","jetpack_sharing_enabled":true,"jetpack_shortlink":"https:\/\/wp.me\/pdaBmi-fdd","jetpack_likes_enabled":true,"_links":{"self":[{"href":"https:\/\/www.claret.org\/it\/wp-json\/wp\/v2\/posts\/58479","targetHints":{"allow":["GET"]}}],"collection":[{"href":"https:\/\/www.claret.org\/it\/wp-json\/wp\/v2\/posts"}],"about":[{"href":"https:\/\/www.claret.org\/it\/wp-json\/wp\/v2\/types\/post"}],"author":[{"embeddable":true,"href":"https:\/\/www.claret.org\/it\/wp-json\/wp\/v2\/users\/1"}],"replies":[{"embeddable":true,"href":"https:\/\/www.claret.org\/it\/wp-json\/wp\/v2\/comments?post=58479"}],"version-history":[{"count":0,"href":"https:\/\/www.claret.org\/it\/wp-json\/wp\/v2\/posts\/58479\/revisions"}],"wp:attachment":[{"href":"https:\/\/www.claret.org\/it\/wp-json\/wp\/v2\/media?parent=58479"}],"wp:term":[{"taxonomy":"category","embeddable":true,"href":"https:\/\/www.claret.org\/it\/wp-json\/wp\/v2\/categories?post=58479"},{"taxonomy":"post_tag","embeddable":true,"href":"https:\/\/www.claret.org\/it\/wp-json\/wp\/v2\/tags?post=58479"}],"curies":[{"name":"wp","href":"https:\/\/api.w.org\/{rel}","templated":true}]}}