{"id":58807,"date":"2010-01-03T16:18:07","date_gmt":"2010-01-03T15:18:07","guid":{"rendered":"https:\/\/www.claret.org\/il-signore-chiama-alla-sua-gloria-il-p-yvon-lafontaine\/"},"modified":"2010-01-03T16:18:07","modified_gmt":"2010-01-03T15:18:07","slug":"il-signore-chiama-alla-sua-gloria-il-p-yvon-lafontaine","status":"publish","type":"post","link":"https:\/\/www.claret.org\/it\/il-signore-chiama-alla-sua-gloria-il-p-yvon-lafontaine\/","title":{"rendered":"Il Signore chiama alla sua gloria il P. Yvon Lafontaine"},"content":{"rendered":"<p><strong>Canada<\/strong>. Il P. Yvon Lafontaine, Superiore Maggiore dei clarettiani del Canada, \u00e8 morto nella mattinata del 22 dicembre, dopo una lunga malattia sopportata con serenit\u00e0 e conformit\u00e0 alla volont\u00e0 di Dio, ammirevoli gi\u00e0 dal primo momento in cui lo si inform\u00f2 che il male che aveva era incurabile e che aveva ancora poco tempo di vita.<\/p>\n<p>Durante questo tempo ha continuato la sua vita con assoluta normalit\u00e0, senza rinunciare a nessuno dei suoi impegni in quanto Superiore Maggiore, inclusa la partecipazione al Capitolo Generale di agosto-settembre, fatto a Roma. Ha partecipato pure ad incontri dentro e fuori della sua Provincia e ha lasciato intravvedere la sua integrit\u00e0, allegria e buon umore. Cosciente del fatto che si andava avvicinando la fine dei suoi giorni, ha lasciato una testimonianza ammirabile dell\u2019accettazione della sua morte.<\/p>\n<p>Gi\u00e0 ha incontrato il Signore Ges\u00f9, per cui ha sempre vissuto, che ha permesso che trovasse questo lungo e doloroso Avvento personale. Il Signore \u00e8 arrivato per lui in anticipo sul Santo Natale.<\/p>\n","protected":false},"excerpt":{"rendered":"<p>Canada. Il P. Yvon Lafontaine, Superiore Maggiore dei clarettiani del Canada, \u00e8 morto nella mattinata del 22 dicembre, dopo una lunga malattia sopportata con serenit\u00e0 e conformit\u00e0 alla volont\u00e0 di Dio, ammirevoli gi\u00e0 dal primo momento in cui lo si inform\u00f2 che il male che aveva era incurabile e che aveva ancora poco tempo di [&hellip;]<\/p>\n","protected":false},"author":1,"featured_media":0,"comment_status":"closed","ping_status":"closed","sticky":false,"template":"","format":"standard","meta":{"_et_pb_use_builder":"","_et_pb_old_content":"","_et_gb_content_width":"","footnotes":""},"categories":[560],"tags":[],"class_list":["post-58807","post","type-post","status-publish","format-standard","hentry","category-defunti"],"jetpack_featured_media_url":"","jetpack_sharing_enabled":true,"jetpack_shortlink":"https:\/\/wp.me\/pdaBmi-fiv","jetpack_likes_enabled":true,"_links":{"self":[{"href":"https:\/\/www.claret.org\/it\/wp-json\/wp\/v2\/posts\/58807","targetHints":{"allow":["GET"]}}],"collection":[{"href":"https:\/\/www.claret.org\/it\/wp-json\/wp\/v2\/posts"}],"about":[{"href":"https:\/\/www.claret.org\/it\/wp-json\/wp\/v2\/types\/post"}],"author":[{"embeddable":true,"href":"https:\/\/www.claret.org\/it\/wp-json\/wp\/v2\/users\/1"}],"replies":[{"embeddable":true,"href":"https:\/\/www.claret.org\/it\/wp-json\/wp\/v2\/comments?post=58807"}],"version-history":[{"count":0,"href":"https:\/\/www.claret.org\/it\/wp-json\/wp\/v2\/posts\/58807\/revisions"}],"wp:attachment":[{"href":"https:\/\/www.claret.org\/it\/wp-json\/wp\/v2\/media?parent=58807"}],"wp:term":[{"taxonomy":"category","embeddable":true,"href":"https:\/\/www.claret.org\/it\/wp-json\/wp\/v2\/categories?post=58807"},{"taxonomy":"post_tag","embeddable":true,"href":"https:\/\/www.claret.org\/it\/wp-json\/wp\/v2\/tags?post=58807"}],"curies":[{"name":"wp","href":"https:\/\/api.w.org\/{rel}","templated":true}]}}