{"id":58843,"date":"2009-12-23T17:04:01","date_gmt":"2009-12-23T16:04:01","guid":{"rendered":"https:\/\/www.claret.org\/loggi-della-vita-consacrata\/"},"modified":"2009-12-23T17:04:01","modified_gmt":"2009-12-23T16:04:01","slug":"loggi-della-vita-consacrata","status":"publish","type":"post","link":"https:\/\/www.claret.org\/it\/loggi-della-vita-consacrata\/","title":{"rendered":"L?Oggi della Vita Consacrata"},"content":{"rendered":"<p><strong>Spagna.<\/strong> La <strong>Rivista Vita Religiosa<\/strong> chiude le attivit\u00e0 del 65\u00ba anniversario della sua fondazione. Sono cambiate di molto le cose dal 1944 ad oggi. Non \u00e8 cambiato, tuttavia, il senso e la necessit\u00e0 dei consacrati che camminano con i credenti in questo mondo.<\/p>\n<p style=\"text-align: left;\" align=\"right\">Pi\u00f9 che un rifare la storia, le Giornate della Rivista sono servite per offrire un\u2019analisi sicura del presente della consacrazione in Spagna e nel mondo. I giorni passati, 11 e 12 dicembre, si sono riuniti pi\u00f9 di 200 consacrati, impegnati nell\u2019OGGI della VITA CONSACRATA. Una catena di proposte, senza nostalgie, \u00e8 servita perch\u00e9 non solo si viva con speranza il presente, ma anche perch\u00e9 si intuisca il futuro. Numerosi, come i francescani <strong>Jes\u00f9s Sanz Montes<\/strong>, <strong>Arcivescovo Eletto di Oviedo<\/strong>, <strong>Santiago Agrelo<\/strong>, <strong>Arcivescovo di Tangeri<\/strong>, <strong>il carmelitano Camillo Maccise<\/strong> o il <strong>clarettiano Gonzalo Fernandez<\/strong> hanno offerto diverse riflessioni sul significato della consacrazione. Non c\u2019\u00e8 da sorprendersi della convergenza di idee e di proposte, di segni di speranza e di vita.<\/p>\n<p>Durante il congresso non \u00e8 stato meno significante il capitolo dedicato alla traiettoria della Rivista nel panorama mondiale. Tenendo conto che \u00e8 la rivista di vita consacrata in castigliano pi\u00f9 diffusa del mondo (arriva ogni mese in 86 paesi), i suoi direttori, ancora viventi, hanno esposto ci\u00f2 che per essi \u00e8 stato e continua ad essere il centro degli interessi, a partire dagli anni in cui hanno incominciato a svolgere questo servizio. Il <strong>P. Aquilino Bocos<\/strong>, direttore durante la decade degli anni 70, ha segnalato sotto due verbi l\u2019urgenza e la possibilit\u00e0 della vita consacrata: credere ed appartenere. Il <strong>P. Jos\u00e9 Cristo Rey<\/strong> ha sintetizzato la sua tappa di direttore sotto l\u2019epigrafe: parabole e narrazioni. Da parte sua il <strong>P. Pedro Balderrain<\/strong> ha condensato il suo periodo di direzione come un passaggio \u201cdall\u2019intuizione alla convinzione\u201d. Finalmente il direttore attuale, il <strong>P. Luis Alberto Gonzalo Diez<\/strong> ha offerto la riflessione intitolata: \u201cmissione inter gentes\u201d, mettendo in risalto l\u2019opportunit\u00e0 interculturale, intercongregazionale e intervocazionale della missione.<\/p>\n<p>In modo speciale, piena di emozioni \u00e8 stata la \u201cLaudatio\u201d offerta dal <strong>P. Angel Aparicio<\/strong> sul <strong>P. Severino Maria Alonso<\/strong>, recentemente scomparso, lui pure direttore, a suo tempo, di Vita Religiosa. La figura del P. Severino, unita ad una lunga lista di uomini e donne che hanno sacrificato gli anni migliori della loro vita alla pubblicazione della Rivista, costituisce una delle glorie della medesima.<\/p>\n<p>Gli Atti del Congresso si sono conclusi con una celebrazione Eucaristica presieduta da <strong>Mons. Adolfo Gonzalez Montes<\/strong>, Arcivescovo di Almer\u00eca e Vicecancelliere dell\u2019Universit\u00e0 Pontificia di Salamanca. Nella sua omelia, ha esortato a seguire la vita consacrata, confidando nella forza di Dio; \u00abpi\u00f9 che essere efficienti, i consacrati devono essere testimoni, dentro la societ\u00e0 e a gomito gomito con tutti, della presenza del Dio trascendente. Qui sta la vostra forza\u00bb, ci ha detto D. Adolfo.<\/p>\n<p>Non sarebbe giusto concludere questa cronaca, cos\u00ec sociale, di questo evento, senza menzionare alcune presenze. Hanno accompagnato il compleanno di Vita Religiosa il Presidente e la Segretaria Generale di CONFER: <strong>P. Elias Roy\u00f2n <\/strong>e <strong>Suor Julia Garcia Monge<\/strong>; la Segretaria della Commissione Episcopale per la Vita Consacrata, <strong>Suor Lourdes Grosso<\/strong>; vari direttori e rappresentanti delle diverse riviste e agenzie d\u2019informazioni\u2026Molte persone che vivono e bevono i contenuti che periodicamente Vita Religiosa va pubblicando. Centinaia di religiosi anonimi, lungo quest\u2019anno 2009 che sta terminando, hanno espresso la loro vicinanza alla Rivista. Sarebbe ingiusto fare menzione di alcuni omettendone altri. Fra i numerosi contribuenti alla riflessione teologica sulla vita consacrata, hanno espresso il loro sostegno <strong>Emilio Tur\u00f9<\/strong>, <strong>Timothy Radciffe<\/strong>, <strong>Victor Codina<\/strong>, <strong>Mamerto Menapace<\/strong>, <strong>Nuria Calduch<\/strong>, <strong>Barbara Bucker<\/strong> e <strong>J. B. Libanio<\/strong>\u2026per segnalarne solo alcuni.<br \/>\nRivista VR.<br \/>\nMadrid<\/p>\n","protected":false},"excerpt":{"rendered":"<p>Spagna. La Rivista Vita Religiosa chiude le attivit\u00e0 del 65\u00ba anniversario della sua fondazione. Sono cambiate di molto le cose dal 1944 ad oggi. Non \u00e8 cambiato, tuttavia, il senso e la necessit\u00e0 dei consacrati che camminano con i credenti in questo mondo. Pi\u00f9 che un rifare la storia, le Giornate della Rivista sono servite [&hellip;]<\/p>\n","protected":false},"author":1,"featured_media":0,"comment_status":"closed","ping_status":"closed","sticky":false,"template":"","format":"standard","meta":{"_et_pb_use_builder":"","_et_pb_old_content":"","_et_gb_content_width":"","footnotes":""},"categories":[421],"tags":[],"class_list":["post-58843","post","type-post","status-publish","format-standard","hentry","category-vita-consacrata"],"jetpack_featured_media_url":"","jetpack_sharing_enabled":true,"jetpack_shortlink":"https:\/\/wp.me\/pdaBmi-fj5","jetpack_likes_enabled":true,"_links":{"self":[{"href":"https:\/\/www.claret.org\/it\/wp-json\/wp\/v2\/posts\/58843","targetHints":{"allow":["GET"]}}],"collection":[{"href":"https:\/\/www.claret.org\/it\/wp-json\/wp\/v2\/posts"}],"about":[{"href":"https:\/\/www.claret.org\/it\/wp-json\/wp\/v2\/types\/post"}],"author":[{"embeddable":true,"href":"https:\/\/www.claret.org\/it\/wp-json\/wp\/v2\/users\/1"}],"replies":[{"embeddable":true,"href":"https:\/\/www.claret.org\/it\/wp-json\/wp\/v2\/comments?post=58843"}],"version-history":[{"count":0,"href":"https:\/\/www.claret.org\/it\/wp-json\/wp\/v2\/posts\/58843\/revisions"}],"wp:attachment":[{"href":"https:\/\/www.claret.org\/it\/wp-json\/wp\/v2\/media?parent=58843"}],"wp:term":[{"taxonomy":"category","embeddable":true,"href":"https:\/\/www.claret.org\/it\/wp-json\/wp\/v2\/categories?post=58843"},{"taxonomy":"post_tag","embeddable":true,"href":"https:\/\/www.claret.org\/it\/wp-json\/wp\/v2\/tags?post=58843"}],"curies":[{"name":"wp","href":"https:\/\/api.w.org\/{rel}","templated":true}]}}