{"id":58969,"date":"2009-10-07T18:44:53","date_gmt":"2009-10-07T16:44:53","guid":{"rendered":"https:\/\/www.claret.org\/attraverso-il-cammino-della-parola\/"},"modified":"2009-10-07T18:44:53","modified_gmt":"2009-10-07T16:44:53","slug":"attraverso-il-cammino-della-parola","status":"publish","type":"post","link":"https:\/\/www.claret.org\/it\/attraverso-il-cammino-della-parola\/","title":{"rendered":"Attraverso il cammino della Parola?"},"content":{"rendered":"<p><strong>Porto Rico.<\/strong> Cos\u00ec si chiama il progetto che si sta sviluppando nella Delegazione clarettiana delle Antille, con l\u2019obiettivo di dinamizzare, in tutte le posizioni clarettiane, l\u2019animazione biblica di tutta la pastorale. Abbiamo cominciato la Tappa O, cha ha per programma la sensibilizzazione e<\/p>\n<p>vitalizzazione delle comunit\u00e0 e degli agenti di pastorale, tanto specifici del nostro carisma.<\/p>\n<p>Dal 2 al 4 ottobre, abbiamo fatto il laboratorio biblico con 25 Secolari clarettiani nella Casa-missione di Bayam\u00f2n.<\/p>\n<p>Nel salone, un cammino segnato con pietre, costellato di libri della Bibbia, ci andava guidando e segnando il percorso fino ad un altare dove abbiamo intronizzato la Parola di Dio.<\/p>\n<p>Al giungervi, ci \u00e8 stato consegnato un fagottino, simbolo clarettiano e missionario e dentro di esso una lanterna, simbolo della luce di Ges\u00f9, una bussola, simbolo della nostra comunit\u00e0 e un rosario, per farci sentire che Maria e la preghiera sono compagni di viaggio in questo lavoro tanto nuovo e tanto antico, alla ricerca di fedelt\u00e0 a Ges\u00f9, dove altri gi\u00e0 vi hanno camminato e le cui orme sono segnate lungo il tracciato a forza di amore alla Parola e di testimonianza di vita: Padre Claret, Teresa di Calcutta, Santa Teresa del Bambin Ges\u00f9, Giovanni Paolo II, Beato Charlie.<\/p>\n<p>Il P. H\u00e9ctor Cuadrado ha inaugurato il laboratorio con la sua presentazione e quella della Commissione biblica che lo ha messo in marcia. E\u2019 stato un tempo privilegiato con partecipazione, assimilazione di contenuti ed espressione di vita.<\/p>\n<p>Abbiamo terminato questo Laboratorio che abbiamo chiamato \u201cUn incontro con Ges\u00f9 e il suo progetto\u201d con una Eucarestia molto partecipata<\/p>\n","protected":false},"excerpt":{"rendered":"<p>Porto Rico. Cos\u00ec si chiama il progetto che si sta sviluppando nella Delegazione clarettiana delle Antille, con l\u2019obiettivo di dinamizzare, in tutte le posizioni clarettiane, l\u2019animazione biblica di tutta la pastorale. Abbiamo cominciato la Tappa O, cha ha per programma la sensibilizzazione e vitalizzazione delle comunit\u00e0 e degli agenti di pastorale, tanto specifici del nostro [&hellip;]<\/p>\n","protected":false},"author":1,"featured_media":0,"comment_status":"closed","ping_status":"closed","sticky":false,"template":"","format":"standard","meta":{"_et_pb_use_builder":"","_et_pb_old_content":"","_et_gb_content_width":"","footnotes":""},"categories":[360,530,414],"tags":[],"class_list":["post-58969","post","type-post","status-publish","format-standard","hentry","category-antillas-it","category-famiglia-claretiana","category-pastorale-biblico"],"jetpack_featured_media_url":"","jetpack_sharing_enabled":true,"jetpack_shortlink":"https:\/\/wp.me\/pdaBmi-fl7","jetpack_likes_enabled":true,"_links":{"self":[{"href":"https:\/\/www.claret.org\/it\/wp-json\/wp\/v2\/posts\/58969","targetHints":{"allow":["GET"]}}],"collection":[{"href":"https:\/\/www.claret.org\/it\/wp-json\/wp\/v2\/posts"}],"about":[{"href":"https:\/\/www.claret.org\/it\/wp-json\/wp\/v2\/types\/post"}],"author":[{"embeddable":true,"href":"https:\/\/www.claret.org\/it\/wp-json\/wp\/v2\/users\/1"}],"replies":[{"embeddable":true,"href":"https:\/\/www.claret.org\/it\/wp-json\/wp\/v2\/comments?post=58969"}],"version-history":[{"count":0,"href":"https:\/\/www.claret.org\/it\/wp-json\/wp\/v2\/posts\/58969\/revisions"}],"wp:attachment":[{"href":"https:\/\/www.claret.org\/it\/wp-json\/wp\/v2\/media?parent=58969"}],"wp:term":[{"taxonomy":"category","embeddable":true,"href":"https:\/\/www.claret.org\/it\/wp-json\/wp\/v2\/categories?post=58969"},{"taxonomy":"post_tag","embeddable":true,"href":"https:\/\/www.claret.org\/it\/wp-json\/wp\/v2\/tags?post=58969"}],"curies":[{"name":"wp","href":"https:\/\/api.w.org\/{rel}","templated":true}]}}