{"id":59016,"date":"2009-08-28T19:22:25","date_gmt":"2009-08-28T17:22:25","guid":{"rendered":"https:\/\/www.claret.org\/75-anni-di-professione-religiosa-del-p-joan-sidera\/"},"modified":"2009-08-28T19:22:25","modified_gmt":"2009-08-28T17:22:25","slug":"75-anni-di-professione-religiosa-del-p-joan-sidera","status":"publish","type":"post","link":"https:\/\/www.claret.org\/it\/75-anni-di-professione-religiosa-del-p-joan-sidera\/","title":{"rendered":"75 anni di Professione Religiosa del P. Joan Sidera"},"content":{"rendered":"<p><strong>Spagna<\/strong>. In Vic, il 15 agosto 2009, con la semplicit\u00e0 che si addice al P. Joan Sidera, si sono celebrati i 75 anni della sua Professione Religiosa. In questo stesso giorno, a Roma, i clarettiani, riuniti in Capitolo Generale, lo facevano presente nelle loro preghiere<\/p>\n<p>con un loro affettuoso ricordo. Non poteva essere in un altro modo. Una data molto significativa per il P. Joan, ma anche per la Provincia di Catalogna e per la Congregazione. Questa celebrazione presuppone un lungo percorso in cui egli ha dovuto mantenere e rivivere il regalo che ricevette dal Signore e che espresse con questi brevi parole: \u00abMi dono e consacro a Dio per tutta la vita\u00bb. Potrebbe intenderlo meglio la nostra societ\u00e0 di oggi?<\/p>\n<p>In questo 15 agosto il P. Joan Sidera ha rinnovato personalmente davanti ai confratelli della sua comunit\u00e0 la Professione, prima della preghiera di Lodi della festa dell\u2019Assunzione della Vergine, con il medesimo testo, in latino, che us\u00f2 75 anni fa. La comunit\u00e0 ha cantato con solennit\u00e0 le Lodi davanti al sepolcro del P. Claret, come rendimento di grazie per il \u201cCMF75\u201d del P. Joan.<\/p>\n<p>Le due comunit\u00e0 clarettiane di Vic: <em>Missionarie dell\u2019Istituzione Clarettiana<\/em> e <em>Missionari Clarettiani<\/em> hanno poi condiviso il pranzo festivo, a mezzogiorno, nella Casa di Spiritualit\u00e0. Nel pomeriggio, nella cappella del 3\u00ba piano, le due comunit\u00e0 hanno recitato insieme il rosario, devozione a cui il P. Joan \u00e8 sempre stato fedele. Il rosario, intercalato da canti, \u00e8 stato seguito dal Vespro cantato della festa della Vergine. E\u2019 stata una celebrazione molto fervorosa per tutti e accomodata alle esigenze spirituali del P. Joan. Non \u00e8 stata possibile una celebrazione eucaristica comunitaria in quanto la festa esigeva una dispersione pastorale nelle parrocchie fuori di Vic.<\/p>\n<div><img data-recalc-dims=\"1\" loading=\"lazy\" decoding=\"async\" class=\"alignleft\" title=\"siderajoan2.jpg\" src=\"https:\/\/i0.wp.com\/www2.claret.org\/sites\/default\/files\/imagenes\/siderajoan2.jpg?resize=400%2C320\" alt=\"siderajoan2.jpg\" width=\"400\" height=\"320\" align=\"right\" \/><\/div>\n<div>  Un momento de su trabajo diario en que hace la transcripci\u00f3n del &#8220;Diario&#8221; del P. Clotet.<\/div>\n","protected":false},"excerpt":{"rendered":"<p>Spagna. In Vic, il 15 agosto 2009, con la semplicit\u00e0 che si addice al P. Joan Sidera, si sono celebrati i 75 anni della sua Professione Religiosa. In questo stesso giorno, a Roma, i clarettiani, riuniti in Capitolo Generale, lo facevano presente nelle loro preghiere con un loro affettuoso ricordo. Non poteva essere in un [&hellip;]<\/p>\n","protected":false},"author":1,"featured_media":0,"comment_status":"closed","ping_status":"closed","sticky":false,"template":"","format":"standard","meta":{"_et_pb_use_builder":"","_et_pb_old_content":"","_et_gb_content_width":"","footnotes":""},"categories":[556],"tags":[],"class_list":["post-59016","post","type-post","status-publish","format-standard","hentry","category-fratelli"],"jetpack_featured_media_url":"","jetpack_sharing_enabled":true,"jetpack_shortlink":"https:\/\/wp.me\/pdaBmi-flS","jetpack_likes_enabled":true,"_links":{"self":[{"href":"https:\/\/www.claret.org\/it\/wp-json\/wp\/v2\/posts\/59016","targetHints":{"allow":["GET"]}}],"collection":[{"href":"https:\/\/www.claret.org\/it\/wp-json\/wp\/v2\/posts"}],"about":[{"href":"https:\/\/www.claret.org\/it\/wp-json\/wp\/v2\/types\/post"}],"author":[{"embeddable":true,"href":"https:\/\/www.claret.org\/it\/wp-json\/wp\/v2\/users\/1"}],"replies":[{"embeddable":true,"href":"https:\/\/www.claret.org\/it\/wp-json\/wp\/v2\/comments?post=59016"}],"version-history":[{"count":0,"href":"https:\/\/www.claret.org\/it\/wp-json\/wp\/v2\/posts\/59016\/revisions"}],"wp:attachment":[{"href":"https:\/\/www.claret.org\/it\/wp-json\/wp\/v2\/media?parent=59016"}],"wp:term":[{"taxonomy":"category","embeddable":true,"href":"https:\/\/www.claret.org\/it\/wp-json\/wp\/v2\/categories?post=59016"},{"taxonomy":"post_tag","embeddable":true,"href":"https:\/\/www.claret.org\/it\/wp-json\/wp\/v2\/tags?post=59016"}],"curies":[{"name":"wp","href":"https:\/\/api.w.org\/{rel}","templated":true}]}}