{"id":59251,"date":"2009-08-04T09:37:28","date_gmt":"2009-08-04T07:37:28","guid":{"rendered":"https:\/\/www.claret.org\/rieditata-lopera-esta-es-nuestra-sangre\/"},"modified":"2009-08-04T09:37:28","modified_gmt":"2009-08-04T07:37:28","slug":"rieditata-lopera-esta-es-nuestra-sangre","status":"publish","type":"post","link":"https:\/\/www.claret.org\/it\/rieditata-lopera-esta-es-nuestra-sangre\/","title":{"rendered":"Rieditata L&#8217;opera &#8220;Esta es nuestra sangre&#8221;."},"content":{"rendered":"<p><b>Spagna<\/b>. Stralciamo dal periodico \u201cAlto Arag\u00f2n\u201d (11 marzo 2008) un articolo firmato da Angel Huget che offriamo ai nostri visitatori.<\/p>\n<p><i>Publicaciones Claretianas<\/i>, di Madrid, ha portato alla luce la terza edizione dell\u2019opera \u201cEsta es nuestra sangre&#8221; (Questo \u00e8 il nostro sangue). Seminario clarettiano martire. Barbastro,1936\u201d dell\u2019autore Gabriele Campo Villegas, il quale incorpor\u00f2 nuovi testimoni e termin\u00f2 le correzioni del libro prima di morire, nel settembre 2007. Le due edizioni anteriori furono esaurite, poich\u00e9 \u00e8 stata l\u2019opera con pi\u00f9 successo del letterato barbastrense.<br \/>\nIn quest\u2019opera, riflette sugli avvenimenti realmente avvenuti ai Martiri Clarettiani, beatificati da Giovanni Paolo II nel 1992, raccontati da testimoni fedeli che li videro e li ascoltarono. \u201cSe a qualcuno sembrano esagerati, non \u00e8 colpa mia, ma dei fatti\u201d, come afferma l\u2019autore.<br \/>\nIl prologo \u00e8 opera di Fernando Sebasti\u00e0n, Vescovo emerito di Pamplona, cha consiglia \u201cuna lettura serena di questo libro\u201d, il cui apporto qualificato \u00e8 quello di un \u201cpiatto forte al men\u00f9 eccessivamente mellifluo del cattolicesimo spagnolo contemporaneo. Dicendo questo, non sono mosso da nessun sentimento di critica n\u00e9 di squalifica\u201d, aggiunge.<br \/>\nAfferma, inoltre, che il libro \u00e8 scritto \u201ccon una evidente intenzione di verit\u00e0 e sobriet\u00e0 che lo fa quasi noioso\u201d e tuttavia i lettori \u201csi vedranno interpellati dai fatti, commossi dall\u2019integrit\u00e0 dei martiri, dalla luminosit\u00e0 delle testimonianze e dalla grandezza soprannaturale dei testimoni\u201d.<br \/>\nGabriele Campo dice nella citata riflessione: \u201cLe testimonianze sopra i Missionari Martiri Clarettiani di Barbastro sono impressionanti\u201d: schiaccia \u201cla documentazione di primissima mano, i testimoni presenti, le dichiarazioni sotto giuramento di uomini e donne che videro e ascoltarono le loro parole, il ripetuto perdono ai loro nemici, ai loro aguzzini, il loro calvario lento, inesorabile\u201d.<br \/>\nL\u2019autore si basa su testimonianze di uomini da un lato e dall\u2019altra \u201cdi cattolici e di anarchici, esseri umani che ricordano quei giorni di luglio e agosto del 1936 come un incubo di orrore e di fede\u201d, oltre che parlare con essi, poich\u00e9 residenti in Barbastro, Zaragoza, Barcellona, Parigi, Montauban, Jugoslavia e Messico.<br \/>\nL\u2019opera include una documentazione e una storia complementaria per completare quella dei \u201ctrenta seminaristi maggiori, dai 22 ai 24 anni, molto giovani per presentire \u2013 tanto vicino \u2013 il soffio gelido della morte, quando giunsero alla stazione ferroviaria di Barbastro, loro ultimo destino, nel settembre 1936\u201d. I loro resti sono esposti nel Museo dei Martiri Clarettiani di Barbastro, inaugurato il 13 Agosto 1993, gi\u00e0 visitato da 4.000 persone durante l\u2019anno 2007.<\/p>\n","protected":false},"excerpt":{"rendered":"<p>Spagna. Stralciamo dal periodico \u201cAlto Arag\u00f2n\u201d (11 marzo 2008) un articolo firmato da Angel Huget che offriamo ai nostri visitatori. Publicaciones Claretianas, di Madrid, ha portato alla luce la terza edizione dell\u2019opera \u201cEsta es nuestra sangre&#8221; (Questo \u00e8 il nostro sangue). Seminario clarettiano martire. Barbastro,1936\u201d dell\u2019autore Gabriele Campo Villegas, il quale incorpor\u00f2 nuovi testimoni e [&hellip;]<\/p>\n","protected":false},"author":1,"featured_media":0,"comment_status":"closed","ping_status":"closed","sticky":false,"template":"","format":"standard","meta":{"_et_pb_use_builder":"","_et_pb_old_content":"","_et_gb_content_width":"","footnotes":""},"categories":[252,475],"tags":[],"class_list":["post-59251","post","type-post","status-publish","format-standard","hentry","category-claret-publishing-group-it","category-martiri-di-barbastro"],"jetpack_featured_media_url":"","jetpack_sharing_enabled":true,"jetpack_shortlink":"https:\/\/wp.me\/pdaBmi-fpF","jetpack_likes_enabled":true,"_links":{"self":[{"href":"https:\/\/www.claret.org\/it\/wp-json\/wp\/v2\/posts\/59251","targetHints":{"allow":["GET"]}}],"collection":[{"href":"https:\/\/www.claret.org\/it\/wp-json\/wp\/v2\/posts"}],"about":[{"href":"https:\/\/www.claret.org\/it\/wp-json\/wp\/v2\/types\/post"}],"author":[{"embeddable":true,"href":"https:\/\/www.claret.org\/it\/wp-json\/wp\/v2\/users\/1"}],"replies":[{"embeddable":true,"href":"https:\/\/www.claret.org\/it\/wp-json\/wp\/v2\/comments?post=59251"}],"version-history":[{"count":0,"href":"https:\/\/www.claret.org\/it\/wp-json\/wp\/v2\/posts\/59251\/revisions"}],"wp:attachment":[{"href":"https:\/\/www.claret.org\/it\/wp-json\/wp\/v2\/media?parent=59251"}],"wp:term":[{"taxonomy":"category","embeddable":true,"href":"https:\/\/www.claret.org\/it\/wp-json\/wp\/v2\/categories?post=59251"},{"taxonomy":"post_tag","embeddable":true,"href":"https:\/\/www.claret.org\/it\/wp-json\/wp\/v2\/tags?post=59251"}],"curies":[{"name":"wp","href":"https:\/\/api.w.org\/{rel}","templated":true}]}}