{"id":59377,"date":"2009-06-24T10:17:58","date_gmt":"2009-06-24T08:17:58","guid":{"rendered":"https:\/\/www.claret.org\/due-nuovi-sacerdoti-clarettiani-in-polonia\/"},"modified":"2009-06-24T10:17:58","modified_gmt":"2009-06-24T08:17:58","slug":"due-nuovi-sacerdoti-clarettiani-in-polonia","status":"publish","type":"post","link":"https:\/\/www.claret.org\/it\/due-nuovi-sacerdoti-clarettiani-in-polonia\/","title":{"rendered":"Due nuovi sacerdoti clarettiani in Polonia"},"content":{"rendered":"<p><strong>Polonia<\/strong>. Il 30 maggio 2009, la Provincia Clarettiana di Polonia ha festeggiato l\u2019ordinazione di due clarettiani. Nella cattedrale di Wroclaw, i clarettiani Marek Matyszek e Tomasz Pawlik ricevevano l\u2019ordine sacerdotale dalle mani del Metropolitano di Wroclaw, l\u2019Arcivescovo Marian Golebiewski. La gioia della Provincia \u00e8 tanto pi\u00f9 grande sapendo che uno di essi \u00e8 stato inviato nella missione clarettiana della Costa d\u2019Avorio e l\u2019altro al servizio pastorale nella parrocchia di Lodz. Ringraziamo Dio per queste vocazioni e preghiamo per il loro fecondo ministero. Che il Signore ci conceda nuove vocazioni missionarie.<\/p>\n","protected":false},"excerpt":{"rendered":"<p>Polonia. Il 30 maggio 2009, la Provincia Clarettiana di Polonia ha festeggiato l\u2019ordinazione di due clarettiani. Nella cattedrale di Wroclaw, i clarettiani Marek Matyszek e Tomasz Pawlik ricevevano l\u2019ordine sacerdotale dalle mani del Metropolitano di Wroclaw, l\u2019Arcivescovo Marian Golebiewski. La gioia della Provincia \u00e8 tanto pi\u00f9 grande sapendo che uno di essi \u00e8 stato inviato [&hellip;]<\/p>\n","protected":false},"author":1,"featured_media":0,"comment_status":"closed","ping_status":"closed","sticky":false,"template":"","format":"standard","meta":{"_et_pb_use_builder":"","_et_pb_old_content":"","_et_gb_content_width":"","footnotes":""},"categories":[577,333],"tags":[],"class_list":["post-59377","post","type-post","status-publish","format-standard","hentry","category-ordinazioni","category-polska-it"],"jetpack_featured_media_url":"","jetpack_sharing_enabled":true,"jetpack_shortlink":"https:\/\/wp.me\/pdaBmi-frH","jetpack_likes_enabled":true,"_links":{"self":[{"href":"https:\/\/www.claret.org\/it\/wp-json\/wp\/v2\/posts\/59377","targetHints":{"allow":["GET"]}}],"collection":[{"href":"https:\/\/www.claret.org\/it\/wp-json\/wp\/v2\/posts"}],"about":[{"href":"https:\/\/www.claret.org\/it\/wp-json\/wp\/v2\/types\/post"}],"author":[{"embeddable":true,"href":"https:\/\/www.claret.org\/it\/wp-json\/wp\/v2\/users\/1"}],"replies":[{"embeddable":true,"href":"https:\/\/www.claret.org\/it\/wp-json\/wp\/v2\/comments?post=59377"}],"version-history":[{"count":0,"href":"https:\/\/www.claret.org\/it\/wp-json\/wp\/v2\/posts\/59377\/revisions"}],"wp:attachment":[{"href":"https:\/\/www.claret.org\/it\/wp-json\/wp\/v2\/media?parent=59377"}],"wp:term":[{"taxonomy":"category","embeddable":true,"href":"https:\/\/www.claret.org\/it\/wp-json\/wp\/v2\/categories?post=59377"},{"taxonomy":"post_tag","embeddable":true,"href":"https:\/\/www.claret.org\/it\/wp-json\/wp\/v2\/tags?post=59377"}],"curies":[{"name":"wp","href":"https:\/\/api.w.org\/{rel}","templated":true}]}}