{"id":59409,"date":"2009-06-05T10:52:31","date_gmt":"2009-06-05T08:52:31","guid":{"rendered":"https:\/\/www.claret.org\/vii-incontro-della-famiglia-clarettiana-in-vic\/"},"modified":"2009-06-05T10:52:31","modified_gmt":"2009-06-05T08:52:31","slug":"vii-incontro-della-famiglia-clarettiana-in-vic","status":"publish","type":"post","link":"https:\/\/www.claret.org\/it\/vii-incontro-della-famiglia-clarettiana-in-vic\/","title":{"rendered":"VII Incontro della Famiglia Clarettiana in Vic"},"content":{"rendered":"<p><strong>Spagna<\/strong>. Il VII Incontro della Famiglia Clarettiana si \u00e8 tenuto a Vic, dal 12 al 16 maggio 2009, presso il sepolcro di Sant\u2019Antonio Maria Claret. Vi hanno partecipato 17 membri, la maggior parte facenti parte dei Governi Generali di tutte le Istituzioni che formano la Famiglia. Daparte della Congregazione vi hanno assistito il P. Generale, Josep M. Abella e il P. Marcelo Ensema, Consultore Generale e Coordinatore fra la nostra Congregazione e la Famiglia Clarettiana.<\/p>\n<p>I lavori sono cominciati il giorno 12 con un breve percorso virtuale dei sei Incontri precedenti.<\/p>\n<p>Il dialogo fra tutti i responsabili delle Istituzioni che si \u00e8 messo in moto immediatamente, ha permesso di andare a Vic con tre obbiettivi precisi:<\/p>\n<p>1) definire meglio l\u2019identit\u00e0 della Famiglia Clarettiana;<br \/>\n2) dotarsi di Statuti che permettano un funzionamento pi\u00f9 agile e pi\u00f9 chiaro nei vari ambiti di responsabilit\u00e0;<br \/>\n3) studiare gli obbiettivi, le modalit\u00e0 e i tempi degli Incontri.<\/p>\n<p>Lo studio del progetto degli Statuti \u00e8 stato il piatto forte di questo Incontro, lasciando le votazioni agli otto responsabili delle Istituzioni.<\/p>\n<p>Negli Statuti resta meglio definita la natura della nostra Famiglia, il cui punto di riferimento resta Claret. La figura del Coordinatore e della Coordinatrice di ogni Istituzione con la Famiglia Clarettiana, gi\u00e0 prevista e tenuta in conto a Bangalore, \u00e8 stata rinforzata. Essa ha il compito di condurre a compimento i progetti nel seno delle rispettive Istituzioni e nell\u2019insieme di esse.<\/p>\n<p>Per stimolare meglio l\u2019integrazione e le relazioni fraterne, gli Statuti mettono in risalto, soprattutto, queste figure.<\/p>\n<p>Gli Statuti sono stati approvati \u201cad experimentum\u201d fino alla prossima Assemblea che si terr\u00e0 nel prossimo Incontro del 2013, in Guinea Equatoriale.<\/p>\n<p>Porter\u00e0 a compimento i programmi per i quattro prossimi anni, Maria Soledad Galer\u00f2n, Superiora Generale delle RMI, con i collaboratori e le collaboratrici che essa si sceglier\u00e0.<\/p>\n","protected":false},"excerpt":{"rendered":"<p>Spagna. Il VII Incontro della Famiglia Clarettiana si \u00e8 tenuto a Vic, dal 12 al 16 maggio 2009, presso il sepolcro di Sant\u2019Antonio Maria Claret. Vi hanno partecipato 17 membri, la maggior parte facenti parte dei Governi Generali di tutte le Istituzioni che formano la Famiglia. Daparte della Congregazione vi hanno assistito il P. Generale, [&hellip;]<\/p>\n","protected":false},"author":1,"featured_media":0,"comment_status":"closed","ping_status":"closed","sticky":false,"template":"","format":"standard","meta":{"_et_pb_use_builder":"","_et_pb_old_content":"","_et_gb_content_width":"","footnotes":""},"categories":[289,530],"tags":[],"class_list":["post-59409","post","type-post","status-publish","format-standard","hentry","category-catalunya-it","category-famiglia-claretiana"],"jetpack_featured_media_url":"","jetpack_sharing_enabled":true,"jetpack_shortlink":"https:\/\/wp.me\/pdaBmi-fsd","jetpack_likes_enabled":true,"_links":{"self":[{"href":"https:\/\/www.claret.org\/it\/wp-json\/wp\/v2\/posts\/59409","targetHints":{"allow":["GET"]}}],"collection":[{"href":"https:\/\/www.claret.org\/it\/wp-json\/wp\/v2\/posts"}],"about":[{"href":"https:\/\/www.claret.org\/it\/wp-json\/wp\/v2\/types\/post"}],"author":[{"embeddable":true,"href":"https:\/\/www.claret.org\/it\/wp-json\/wp\/v2\/users\/1"}],"replies":[{"embeddable":true,"href":"https:\/\/www.claret.org\/it\/wp-json\/wp\/v2\/comments?post=59409"}],"version-history":[{"count":0,"href":"https:\/\/www.claret.org\/it\/wp-json\/wp\/v2\/posts\/59409\/revisions"}],"wp:attachment":[{"href":"https:\/\/www.claret.org\/it\/wp-json\/wp\/v2\/media?parent=59409"}],"wp:term":[{"taxonomy":"category","embeddable":true,"href":"https:\/\/www.claret.org\/it\/wp-json\/wp\/v2\/categories?post=59409"},{"taxonomy":"post_tag","embeddable":true,"href":"https:\/\/www.claret.org\/it\/wp-json\/wp\/v2\/tags?post=59409"}],"curies":[{"name":"wp","href":"https:\/\/api.w.org\/{rel}","templated":true}]}}