{"id":59510,"date":"2009-03-30T12:34:34","date_gmt":"2009-03-30T10:34:34","guid":{"rendered":"https:\/\/www.claret.org\/simposio-sulla-religione-nelle-societa-moderne\/"},"modified":"2009-03-30T12:34:34","modified_gmt":"2009-03-30T10:34:34","slug":"simposio-sulla-religione-nelle-societa-moderne","status":"publish","type":"post","link":"https:\/\/www.claret.org\/it\/simposio-sulla-religione-nelle-societa-moderne\/","title":{"rendered":"Simposio sulla religione nelle societ\u00e0  moderne"},"content":{"rendered":"<p><b>Spagna<\/b>. La FONDAZIONE CLARET, di Barcellona, organizza per il prossimo 28 marzo, un simposio sul tema \u201cLa religione nelle societ\u00e0 moderne: laicit\u00e0 e laicismo\u201d. E\u2019 un tema di grande attualit\u00e0 e di enorme trascendenza per la missione evangelizzatrice della Chiesa. Si \u00e8 parlato molto di questo e lo stesso Santo Padre si \u00e8 riferito a questa questione nella sua ultima visita in Francia. In fondo, riflette il problema della difficile armonizzazione nelle societ\u00e0 e stati moderni fra la \u201cnon confessionalit\u00e0\u201d o la \u201claicit\u00e0\u201d dello Stato e il rispetto per le convinzioni e per le istituzioni religiose e la loro rilevanza nell\u2019ambito sociale. Il simposio cercher\u00e0 di riflettere su ci\u00f2 per cercare strade che permettano un apporto positivo dell\u2019esperienza religiosa, pi\u00f9 concretamente dell\u2019esperienza cristiana, in una societ\u00e0 laica e pluralista.<\/p>\n","protected":false},"excerpt":{"rendered":"<p>Spagna. La FONDAZIONE CLARET, di Barcellona, organizza per il prossimo 28 marzo, un simposio sul tema \u201cLa religione nelle societ\u00e0 moderne: laicit\u00e0 e laicismo\u201d. E\u2019 un tema di grande attualit\u00e0 e di enorme trascendenza per la missione evangelizzatrice della Chiesa. Si \u00e8 parlato molto di questo e lo stesso Santo Padre si \u00e8 riferito a [&hellip;]<\/p>\n","protected":false},"author":1,"featured_media":0,"comment_status":"closed","ping_status":"closed","sticky":false,"template":"","format":"standard","meta":{"_et_pb_use_builder":"","_et_pb_old_content":"","_et_gb_content_width":"","footnotes":""},"categories":[530,423],"tags":[],"class_list":["post-59510","post","type-post","status-publish","format-standard","hentry","category-famiglia-claretiana","category-pastorale-educativa"],"jetpack_featured_media_url":"","jetpack_sharing_enabled":true,"jetpack_shortlink":"https:\/\/wp.me\/pdaBmi-ftQ","jetpack_likes_enabled":true,"_links":{"self":[{"href":"https:\/\/www.claret.org\/it\/wp-json\/wp\/v2\/posts\/59510","targetHints":{"allow":["GET"]}}],"collection":[{"href":"https:\/\/www.claret.org\/it\/wp-json\/wp\/v2\/posts"}],"about":[{"href":"https:\/\/www.claret.org\/it\/wp-json\/wp\/v2\/types\/post"}],"author":[{"embeddable":true,"href":"https:\/\/www.claret.org\/it\/wp-json\/wp\/v2\/users\/1"}],"replies":[{"embeddable":true,"href":"https:\/\/www.claret.org\/it\/wp-json\/wp\/v2\/comments?post=59510"}],"version-history":[{"count":0,"href":"https:\/\/www.claret.org\/it\/wp-json\/wp\/v2\/posts\/59510\/revisions"}],"wp:attachment":[{"href":"https:\/\/www.claret.org\/it\/wp-json\/wp\/v2\/media?parent=59510"}],"wp:term":[{"taxonomy":"category","embeddable":true,"href":"https:\/\/www.claret.org\/it\/wp-json\/wp\/v2\/categories?post=59510"},{"taxonomy":"post_tag","embeddable":true,"href":"https:\/\/www.claret.org\/it\/wp-json\/wp\/v2\/tags?post=59510"}],"curies":[{"name":"wp","href":"https:\/\/api.w.org\/{rel}","templated":true}]}}