{"id":59580,"date":"2009-01-19T15:17:50","date_gmt":"2009-01-19T14:17:50","guid":{"rendered":"https:\/\/www.claret.org\/incontro-di-amici-delle-missioni-clarettiane\/"},"modified":"2009-01-19T15:17:50","modified_gmt":"2009-01-19T14:17:50","slug":"incontro-di-amici-delle-missioni-clarettiane","status":"publish","type":"post","link":"https:\/\/www.claret.org\/it\/incontro-di-amici-delle-missioni-clarettiane\/","title":{"rendered":"Incontro di amici delle Missioni Clarettiane"},"content":{"rendered":"<p><b>Polonia<\/b>. Si \u00e8 avuto , dal 12 al 14 dicembre, in Krzydlina Mala, vicino a Wroclaw, un incontro di Amici delle Missioni Clarettiane. E\u2019 stato promosso dal P. Piotr Boron, responsabile delle missioni della Provincia polacca. Durante questi giorni i 66 partecipanti dei differenti punti della Polonia hanno ricevuto informazioni sull\u2019attivit\u00e0 missionaria della Provincia.<\/p>\n<p>Il programma di<\/p>\n<p>questi giorni si \u00e8 sviluppato con presentazioni multimediali, liturgia, lavori missionari. Si \u00e8 creato subito un clima di grande gioia e confidenza. Il P. Boron ha presentato la sua esperienza dei due anni di attivit\u00e0 apostolica in Africa, nella Costa d\u2019Avorio.<\/p>\n<p>Il giorno 13 \u00e8 stato dedicato ai Martiri Clarettiani di Barbastro. Si \u00e8 fatto un ricordo di loro e si \u00e8 fatto conoscere il loro martirio. L\u2019ultimo giorno, i seminaristi hanno presentato la loro vita e hanno risposto alle domande che venivano loro fatte.<\/p>\n<p>L\u2019ultima serata, gli assistenti hanno condiviso una cena con un gruppo di bambini di Zareba.<\/p>\n<p>Con queste impressioni il giorno 14 tutti hanno lasciato l\u2019incontro e sono ritornati alle loro case.<\/p>\n","protected":false},"excerpt":{"rendered":"<p>Polonia. Si \u00e8 avuto , dal 12 al 14 dicembre, in Krzydlina Mala, vicino a Wroclaw, un incontro di Amici delle Missioni Clarettiane. E\u2019 stato promosso dal P. Piotr Boron, responsabile delle missioni della Provincia polacca. Durante questi giorni i 66 partecipanti dei differenti punti della Polonia hanno ricevuto informazioni sull\u2019attivit\u00e0 missionaria della Provincia. Il [&hellip;]<\/p>\n","protected":false},"author":1,"featured_media":0,"comment_status":"closed","ping_status":"closed","sticky":false,"template":"","format":"standard","meta":{"_et_pb_use_builder":"","_et_pb_old_content":"","_et_gb_content_width":"","footnotes":""},"categories":[458,333],"tags":[],"class_list":["post-59580","post","type-post","status-publish","format-standard","hentry","category-la-missione-clarettiana","category-polska-it"],"jetpack_featured_media_url":"","jetpack_sharing_enabled":true,"jetpack_shortlink":"https:\/\/wp.me\/pdaBmi-fuY","jetpack_likes_enabled":true,"_links":{"self":[{"href":"https:\/\/www.claret.org\/it\/wp-json\/wp\/v2\/posts\/59580","targetHints":{"allow":["GET"]}}],"collection":[{"href":"https:\/\/www.claret.org\/it\/wp-json\/wp\/v2\/posts"}],"about":[{"href":"https:\/\/www.claret.org\/it\/wp-json\/wp\/v2\/types\/post"}],"author":[{"embeddable":true,"href":"https:\/\/www.claret.org\/it\/wp-json\/wp\/v2\/users\/1"}],"replies":[{"embeddable":true,"href":"https:\/\/www.claret.org\/it\/wp-json\/wp\/v2\/comments?post=59580"}],"version-history":[{"count":0,"href":"https:\/\/www.claret.org\/it\/wp-json\/wp\/v2\/posts\/59580\/revisions"}],"wp:attachment":[{"href":"https:\/\/www.claret.org\/it\/wp-json\/wp\/v2\/media?parent=59580"}],"wp:term":[{"taxonomy":"category","embeddable":true,"href":"https:\/\/www.claret.org\/it\/wp-json\/wp\/v2\/categories?post=59580"},{"taxonomy":"post_tag","embeddable":true,"href":"https:\/\/www.claret.org\/it\/wp-json\/wp\/v2\/tags?post=59580"}],"curies":[{"name":"wp","href":"https:\/\/api.w.org\/{rel}","templated":true}]}}