{"id":59691,"date":"2008-12-05T17:11:13","date_gmt":"2008-12-05T16:11:13","guid":{"rendered":"https:\/\/www.claret.org\/centanni-al-servizio-della-vita-consacrata\/"},"modified":"2008-12-05T17:11:13","modified_gmt":"2008-12-05T16:11:13","slug":"centanni-al-servizio-della-vita-consacrata","status":"publish","type":"post","link":"https:\/\/www.claret.org\/it\/centanni-al-servizio-della-vita-consacrata\/","title":{"rendered":"Cent&#8217;anni al servizio della Vita Consacrata"},"content":{"rendered":"<p><b>Roma<\/b>. La Congregaci\u00f3n para los Institutos de Vida Consagrada y Sociedades de Vida Apost\u00f3lica (CIVCSVA) ha celebrado los 100 a\u00f1os de su fundaci\u00f3n con un congreso, cuyo \u00fanico relator ha sido el claretiano P. Aquilino Bocos Merino, que no pudo asistir por indisposici\u00f3n de salud. Para este acontecimiento prepar\u00f3 una extensa y documentada relaci\u00f3n que ser\u00e1 publicada por la Congregaci\u00f3n y Congregazione e di cui si \u00e8 letto solo un riassunto.<\/p>\n<p>La celebrazione di questo centenario, secondo il P. Bocos, vuole essere un cantico di lode allo Spirito Santo, che continua a far sgorgare nella sua Chiesa varie forme di vita consacrata. Un\u2019occasione per riconoscere ed esprimere la gratitudine a quanti hanno collaborato con il Santo Padre nell\u2019accompagnamento, orientamento e animazione della vita degli Istituti. Una forma per rinnovare la speranza che la CIVCSVA continui ad essere luogo di incontro, casa di tutti e ponte di comunione per i consacrati nella Chiesa, per cui essa si senta fortificata nella sua missione evangelizzatrice.<\/p>\n<p>Ha presieduto l\u2019atto il Card. Franc Rod\u00e9, Prefetto della CIVCSVA, ed era presente il Segretario di Stato, Eminentissimo Card. Tarcisio Bertone..<\/p>\n","protected":false},"excerpt":{"rendered":"<p>Roma. La Congregaci\u00f3n para los Institutos de Vida Consagrada y Sociedades de Vida Apost\u00f3lica (CIVCSVA) ha celebrado los 100 a\u00f1os de su fundaci\u00f3n con un congreso, cuyo \u00fanico relator ha sido el claretiano P. Aquilino Bocos Merino, que no pudo asistir por indisposici\u00f3n de salud. Para este acontecimiento prepar\u00f3 una extensa y documentada relaci\u00f3n que [&hellip;]<\/p>\n","protected":false},"author":1,"featured_media":0,"comment_status":"closed","ping_status":"closed","sticky":false,"template":"","format":"standard","meta":{"_et_pb_use_builder":"","_et_pb_old_content":"","_et_gb_content_width":"","footnotes":""},"categories":[421],"tags":[],"class_list":["post-59691","post","type-post","status-publish","format-standard","hentry","category-vita-consacrata"],"jetpack_featured_media_url":"","jetpack_sharing_enabled":true,"jetpack_shortlink":"https:\/\/wp.me\/pdaBmi-fwL","jetpack_likes_enabled":true,"_links":{"self":[{"href":"https:\/\/www.claret.org\/it\/wp-json\/wp\/v2\/posts\/59691","targetHints":{"allow":["GET"]}}],"collection":[{"href":"https:\/\/www.claret.org\/it\/wp-json\/wp\/v2\/posts"}],"about":[{"href":"https:\/\/www.claret.org\/it\/wp-json\/wp\/v2\/types\/post"}],"author":[{"embeddable":true,"href":"https:\/\/www.claret.org\/it\/wp-json\/wp\/v2\/users\/1"}],"replies":[{"embeddable":true,"href":"https:\/\/www.claret.org\/it\/wp-json\/wp\/v2\/comments?post=59691"}],"version-history":[{"count":0,"href":"https:\/\/www.claret.org\/it\/wp-json\/wp\/v2\/posts\/59691\/revisions"}],"wp:attachment":[{"href":"https:\/\/www.claret.org\/it\/wp-json\/wp\/v2\/media?parent=59691"}],"wp:term":[{"taxonomy":"category","embeddable":true,"href":"https:\/\/www.claret.org\/it\/wp-json\/wp\/v2\/categories?post=59691"},{"taxonomy":"post_tag","embeddable":true,"href":"https:\/\/www.claret.org\/it\/wp-json\/wp\/v2\/tags?post=59691"}],"curies":[{"name":"wp","href":"https:\/\/api.w.org\/{rel}","templated":true}]}}