{"id":59720,"date":"2008-06-01T17:41:20","date_gmt":"2008-06-01T15:41:20","guid":{"rendered":"https:\/\/www.claret.org\/essere-solidali-con-intelligenza-e-amore\/"},"modified":"2008-06-01T17:41:20","modified_gmt":"2008-06-01T15:41:20","slug":"essere-solidali-con-intelligenza-e-amore","status":"publish","type":"post","link":"https:\/\/www.claret.org\/it\/essere-solidali-con-intelligenza-e-amore\/","title":{"rendered":"Essere solidali con intelligenza e amore"},"content":{"rendered":"<p><i>\u201cSiamo intelligenti e amiamo e potremo essere impiegati nel pi\u00f9 necessario, urgente e prioritario, per essere persone simpatiche, solidali, per poter reagire davanti alla sofferenza e all\u2019estrema ingiustizia di cui soffrono altri esseri al fianco nostro\u2026In quale disorientamento \u00e8 immerso il nostro mondo che nei suoi messaggi stellari intende per intelligenza l\u2019esito facile e che traduce amore con frivolezza!\u201d<\/i> <i>Baketik<\/i><\/p>\n<p><b>Spagna<\/b>. E\u2019 arrivato nella mia posta elettronica non desiderata. Come tanti altri messaggi. Per\u00f2 ho dovuto leggerlo. E mi ha fatto riflettere. Per questo te l\u2019ho<\/p>\n<p>ccopiato. Desidero condividerlo con te. Non \u00e8 scomodo dire la verit\u00e0, ma \u00e8 scomodo dire una Verit\u00e0 che mi tocca. Questa \u00e8 il pezzo aggiunto a queste linee.<\/p>\n<p>J.A.Pagola mi disse che se non impariamo da Ges\u00f9 che per primo \u00e8 sempre \u201cmisericordia\u201d, ci manca qualcosa di essenziale per essere suoi discepoli. Noi cristiani abbiamo il vantaggio di saperlo. Per\u00f2 amandoci tutti fino in fondo al nostro essere, Ges\u00f9 ebbe una preferenza: i pi\u00f9 poveri, coloro che contano di meno, i disuguali. Carit\u00e0, solidariet\u00e0\u2026Quello che pi\u00f9 ci umanizza \u00e8 di condividere con gli altri quello che siamo ed abbiamo. Come Ges\u00f9. Come Maria. Come Claret. Come molti altri. Come tu.<br \/>\nMi illude sapere che siamo in molti a scommettere per essere solidali: alunni, padri e professori. E inoltre in modo unito. Come \u00e8 necessario che sia. E ognuno nella misura delle sue possibilit\u00e0. Comprendendo che l\u2019autentica solidariet\u00e0, come il vero amore, implica impegno, continuit\u00e0 e fedelt\u00e0 nel tempo. Approfittando di innumerevoli occasioni che ci si presentano nella vita per esserlo. Straordinariamente, attraverso campagne e giornate dirette alla sensibilizzazione e finanziamento di progetti. E ordinariamente: col tuo prossimo \u2013 in casa, in classe, nel lavoro, con gli amici\u2026 &#8211; e con quanti altri prossimi meno vicini fisicamente.<\/p>\n<p>Nel rettilineo finale del Bicentenario della nascita del Claret, abbiamo potuto assaporare un po\u2019 il suo spirito missionario. Per te, alunno e alunna, madre e padre, amico e amica, desidero il miglior bene. Che tu sia solidale con tutti: dando di pi\u00f9 a chi pi\u00f9 cerca. Senza vergogna. Impegnandoti a fondo: con intelligenza e amore misericordioso. Come quello di Dio. Da Lui hai ricevuto gratis e abbondantemente. E grazie per il tuo impegno lungo questo corso e questa vita con coloro che pi\u00f9 hanno avuto bisogno di te.<\/p>\n","protected":false},"excerpt":{"rendered":"<p>\u201cSiamo intelligenti e amiamo e potremo essere impiegati nel pi\u00f9 necessario, urgente e prioritario, per essere persone simpatiche, solidali, per poter reagire davanti alla sofferenza e all\u2019estrema ingiustizia di cui soffrono altri esseri al fianco nostro\u2026In quale disorientamento \u00e8 immerso il nostro mondo che nei suoi messaggi stellari intende per intelligenza l\u2019esito facile e che [&hellip;]<\/p>\n","protected":false},"author":1,"featured_media":0,"comment_status":"closed","ping_status":"closed","sticky":false,"template":"","format":"standard","meta":{"_et_pb_use_builder":"","_et_pb_old_content":"","_et_gb_content_width":"","footnotes":""},"categories":[530],"tags":[],"class_list":["post-59720","post","type-post","status-publish","format-standard","hentry","category-famiglia-claretiana"],"jetpack_featured_media_url":"","jetpack_sharing_enabled":true,"jetpack_shortlink":"https:\/\/wp.me\/pdaBmi-fxe","jetpack_likes_enabled":true,"_links":{"self":[{"href":"https:\/\/www.claret.org\/it\/wp-json\/wp\/v2\/posts\/59720","targetHints":{"allow":["GET"]}}],"collection":[{"href":"https:\/\/www.claret.org\/it\/wp-json\/wp\/v2\/posts"}],"about":[{"href":"https:\/\/www.claret.org\/it\/wp-json\/wp\/v2\/types\/post"}],"author":[{"embeddable":true,"href":"https:\/\/www.claret.org\/it\/wp-json\/wp\/v2\/users\/1"}],"replies":[{"embeddable":true,"href":"https:\/\/www.claret.org\/it\/wp-json\/wp\/v2\/comments?post=59720"}],"version-history":[{"count":0,"href":"https:\/\/www.claret.org\/it\/wp-json\/wp\/v2\/posts\/59720\/revisions"}],"wp:attachment":[{"href":"https:\/\/www.claret.org\/it\/wp-json\/wp\/v2\/media?parent=59720"}],"wp:term":[{"taxonomy":"category","embeddable":true,"href":"https:\/\/www.claret.org\/it\/wp-json\/wp\/v2\/categories?post=59720"},{"taxonomy":"post_tag","embeddable":true,"href":"https:\/\/www.claret.org\/it\/wp-json\/wp\/v2\/tags?post=59720"}],"curies":[{"name":"wp","href":"https:\/\/api.w.org\/{rel}","templated":true}]}}