{"id":59744,"date":"2008-05-18T18:05:45","date_gmt":"2008-05-18T16:05:45","guid":{"rendered":"https:\/\/www.claret.org\/leditoriale-ave-maria-giunge-ai-110-anni\/"},"modified":"2008-05-18T18:05:45","modified_gmt":"2008-05-18T16:05:45","slug":"leditoriale-ave-maria-giunge-ai-110-anni","status":"publish","type":"post","link":"https:\/\/www.claret.org\/it\/leditoriale-ave-maria-giunge-ai-110-anni\/","title":{"rendered":"L&#8217;editoriale Ave Maria giunge ai 110 anni"},"content":{"rendered":"<div class=\"field field-name-body field-type-text-with-summary field-label-hidden\">\n<div class=\"field-items\">\n<div class=\"field-item even\">\n<p><b>Brasile<\/b>. Il giorno 9 maggio, alle 15 pomeridiane si \u00e8 fermato il lavoro della editoriale Ave Maria per commemorare i 110 anni dalla sua creazione, cha sar\u00e0 il prossimo 28 maggio.<br \/>\nSi \u00e8 pensato di fare due celebrazioni: una con gli impiegati della grafica, che attualmente sono pi\u00f9 di seicento e un\u2019altra di carattere pi\u00f9 ampio e aperto. Abbiamo avuto una Messa presieduta dal Superiore Provinciale, P. Oswair Chiozini. Essa \u00e8 stata solennizzata con la corale della<\/p>\n<p>grafica, formata dal seminarista Vagner, l\u2019anno passato.<br \/>\nNella sua omelia, il P. Provinciale ha messo in risalto l\u2019importanza del lavoro missionario realizzato principalmente attraverso la rivista Ave Maria e altre pubblicazioni, inclusa la Bibbia che nel prossimo anno compir\u00e0 la sua 50\u00b0 edizione. Ha avuto un ricordo per i tanti Missionari Clarettiani e laici che hanno speso la loro vita in questo grande mezzo di evangelizzazione, alcuni dei quali, i veterani, erano presenti, come il Fratello Joaquim de Castro, che durante quasi 40 anni ha lavorato incessantemente per la Rivista e l\u2019Editoriale; il P. Nestor Zatt, oggi ammalato in Batatais, che per pi\u00f9 di 31 anni \u00e8 stato alla guida del gruppo Ave Maria e ha realizzato grandi trasformazioni, tanto nell\u2019Editoriale come nella Grafica.<\/p>\n<\/div>\n<\/div>\n<\/div>\n","protected":false},"excerpt":{"rendered":"<p>Brasile. Il giorno 9 maggio, alle 15 pomeridiane si \u00e8 fermato il lavoro della editoriale Ave Maria per commemorare i 110 anni dalla sua creazione, cha sar\u00e0 il prossimo 28 maggio. Si \u00e8 pensato di fare due celebrazioni: una con gli impiegati della grafica, che attualmente sono pi\u00f9 di seicento e un\u2019altra di carattere pi\u00f9 [&hellip;]<\/p>\n","protected":false},"author":1,"featured_media":0,"comment_status":"closed","ping_status":"closed","sticky":false,"template":"","format":"standard","meta":{"_et_pb_use_builder":"","_et_pb_old_content":"","_et_gb_content_width":"","footnotes":""},"categories":[252,530,414],"tags":[],"class_list":["post-59744","post","type-post","status-publish","format-standard","hentry","category-claret-publishing-group-it","category-famiglia-claretiana","category-pastorale-biblico"],"jetpack_featured_media_url":"","jetpack_sharing_enabled":true,"jetpack_shortlink":"https:\/\/wp.me\/pdaBmi-fxC","jetpack_likes_enabled":true,"_links":{"self":[{"href":"https:\/\/www.claret.org\/it\/wp-json\/wp\/v2\/posts\/59744","targetHints":{"allow":["GET"]}}],"collection":[{"href":"https:\/\/www.claret.org\/it\/wp-json\/wp\/v2\/posts"}],"about":[{"href":"https:\/\/www.claret.org\/it\/wp-json\/wp\/v2\/types\/post"}],"author":[{"embeddable":true,"href":"https:\/\/www.claret.org\/it\/wp-json\/wp\/v2\/users\/1"}],"replies":[{"embeddable":true,"href":"https:\/\/www.claret.org\/it\/wp-json\/wp\/v2\/comments?post=59744"}],"version-history":[{"count":0,"href":"https:\/\/www.claret.org\/it\/wp-json\/wp\/v2\/posts\/59744\/revisions"}],"wp:attachment":[{"href":"https:\/\/www.claret.org\/it\/wp-json\/wp\/v2\/media?parent=59744"}],"wp:term":[{"taxonomy":"category","embeddable":true,"href":"https:\/\/www.claret.org\/it\/wp-json\/wp\/v2\/categories?post=59744"},{"taxonomy":"post_tag","embeddable":true,"href":"https:\/\/www.claret.org\/it\/wp-json\/wp\/v2\/tags?post=59744"}],"curies":[{"name":"wp","href":"https:\/\/api.w.org\/{rel}","templated":true}]}}