{"id":59785,"date":"2008-04-16T18:42:32","date_gmt":"2008-04-16T16:42:32","guid":{"rendered":"https:\/\/www.claret.org\/ordinazione-sacerdotale-e-diaconale\/"},"modified":"2008-04-16T18:42:32","modified_gmt":"2008-04-16T16:42:32","slug":"ordinazione-sacerdotale-e-diaconale","status":"publish","type":"post","link":"https:\/\/www.claret.org\/it\/ordinazione-sacerdotale-e-diaconale\/","title":{"rendered":"Ordinazione sacerdotale e diaconale"},"content":{"rendered":"<p><b>Spagna<\/b>. Il giorno 6 aprile scorso, domenica IIIa di Pasqua, sono stati ordinati presbitero e diacono rispettivamente Antonio J\u00e9sus P\u00e9rez e Ram\u00f2n Crucera. La cerimonia si \u00e8 svolta nella Parrocchia di nostra Signora della Pace di Granada ed \u00e8 stata officiata da Mons. Fernando Sebasti\u00e0n, cmf, Vescovo Emerito di Pamplona e concelebrata da pi\u00f9 di 45 sacerdoti clarettiani.<br \/>\nOltre i familiari, amici e giovani delle comunit\u00e0 cristiane, ci hanno accompagnato membri della Famiglia Clarettiana e religiosi di altre congregazioni.<br \/>\nAntonio J\u00e9sus appartiene alla comunit\u00e0 di Malaga e lavora nell\u2019Equipe di formazione di Agenti Laici (EFAL). Ram\u00f2n sta nella comunit\u00e0 di Loja, facendo parte dell\u2019Equipe pastorale giovanile vocazionale (EPJV).<\/p>\n","protected":false},"excerpt":{"rendered":"<p>Spagna. Il giorno 6 aprile scorso, domenica IIIa di Pasqua, sono stati ordinati presbitero e diacono rispettivamente Antonio J\u00e9sus P\u00e9rez e Ram\u00f2n Crucera. La cerimonia si \u00e8 svolta nella Parrocchia di nostra Signora della Pace di Granada ed \u00e8 stata officiata da Mons. Fernando Sebasti\u00e0n, cmf, Vescovo Emerito di Pamplona e concelebrata da pi\u00f9 di [&hellip;]<\/p>\n","protected":false},"author":1,"featured_media":0,"comment_status":"closed","ping_status":"closed","sticky":false,"template":"","format":"standard","meta":{"_et_pb_use_builder":"","_et_pb_old_content":"","_et_gb_content_width":"","footnotes":""},"categories":[577,580],"tags":[],"class_list":["post-59785","post","type-post","status-publish","format-standard","hentry","category-ordinazioni","category-professioni"],"jetpack_featured_media_url":"","jetpack_sharing_enabled":true,"jetpack_shortlink":"https:\/\/wp.me\/pdaBmi-fyh","jetpack_likes_enabled":true,"_links":{"self":[{"href":"https:\/\/www.claret.org\/it\/wp-json\/wp\/v2\/posts\/59785","targetHints":{"allow":["GET"]}}],"collection":[{"href":"https:\/\/www.claret.org\/it\/wp-json\/wp\/v2\/posts"}],"about":[{"href":"https:\/\/www.claret.org\/it\/wp-json\/wp\/v2\/types\/post"}],"author":[{"embeddable":true,"href":"https:\/\/www.claret.org\/it\/wp-json\/wp\/v2\/users\/1"}],"replies":[{"embeddable":true,"href":"https:\/\/www.claret.org\/it\/wp-json\/wp\/v2\/comments?post=59785"}],"version-history":[{"count":0,"href":"https:\/\/www.claret.org\/it\/wp-json\/wp\/v2\/posts\/59785\/revisions"}],"wp:attachment":[{"href":"https:\/\/www.claret.org\/it\/wp-json\/wp\/v2\/media?parent=59785"}],"wp:term":[{"taxonomy":"category","embeddable":true,"href":"https:\/\/www.claret.org\/it\/wp-json\/wp\/v2\/categories?post=59785"},{"taxonomy":"post_tag","embeddable":true,"href":"https:\/\/www.claret.org\/it\/wp-json\/wp\/v2\/tags?post=59785"}],"curies":[{"name":"wp","href":"https:\/\/api.w.org\/{rel}","templated":true}]}}