{"id":59817,"date":"2008-04-15T19:10:25","date_gmt":"2008-04-15T17:10:25","guid":{"rendered":"https:\/\/www.claret.org\/i-clarettiani-dellamerica-latina-a-citta-del-messico-3\/"},"modified":"2008-04-15T19:10:25","modified_gmt":"2008-04-15T17:10:25","slug":"i-clarettiani-dellamerica-latina-a-citta-del-messico-3","status":"publish","type":"post","link":"https:\/\/www.claret.org\/it\/i-clarettiani-dellamerica-latina-a-citta-del-messico-3\/","title":{"rendered":"I Clarettiani dell&#8217;America Latina a Citt\u00e0  del Messico-3"},"content":{"rendered":"<p><b>Citt\u00e0 del Messico<\/b>. Come tutte le mattine ringraziamo Dio per la vita e il giorno che incominciamo. Oggi la preghiera \u00e8 incentrata sul comandamento dell\u2019amore e della misericordia alla luce della realt\u00e0 di Haiti, dove c\u2019\u00e8 l\u2019impatto tra un paese privo di opportunit\u00e0 e il rifiuto di chi ha il denaro per lavorare. L\u2019estrema povert\u00e0 arriva a situazioni tanto detestabili che la gente deve mangiare gallette di fango per mitigare la fame. O Signore! Suscita in noi la solidariet\u00e0 e che non viviamo indifferenti nelle nostre comodit\u00e0!<br \/>\nLa prima sessione di lavoro \u00e8 centrata nella revisione del rendiconto della segreteria, dove si espone chiaramente il compito dato e realizzato, e le difficolt\u00e0 che impediscono di realizzare alcune direttive. Nella sessione plenaria si chiariscono molti dubbi e si propongono punti da trattare per prendere le dovute decisioni. La mattinata termina con un grande applauso al buon lavoro fatto dal P. Carlos Julio Rozo, segretario esecutivo; dal P. Marco Mendes, vicepresidente e dal P. Agustin Monroy, presidente in questo periodo che termina.<br \/>\nNella condivisione fraterna del pranzo, gi\u00e0 si sussurravano nomi e si davano occhiate ai possibili missionari che avrebbero potuto prestare il loro servizio nell\u2019animazione di CICLA; questo,poich\u00e9 tutti si facevano pregare\u2026con certi sorrisi\u2026!<br \/>\nIn serata si \u00e8 incominciato ad abbordare e programmare i compiti e ad analizzare progetti. La pastorale vocazionale trov\u00f2 il suo spazio privilegiato e si decise un incontro per zona e un altro a livello di CICLA, cos\u00ec la pedagogia dell\u2019accompagnamento, degli agenti e della missione condivisa. Sulla proposta di un congresso di spiritualit\u00e0 clarettiana con la partecipazione dei missionari in formazione e i formatori del continente, sebbene la proposta fosse buona, la si consider\u00f2 non fattibile in termini economici e il ritmo di tempo delle diverse case formative. La proposta la si modific\u00f2 in realizzazioni di attivit\u00e0 congiunte, o videoconferenze, o lavori interni per poi socializzarli in incontri di formandi e di formatori gi\u00e0 programmati da CICLA.<br \/>\nLa pastorale educativa ebbe pure il suo posto e si vide opportuno di continuare gli incontri di clarettiani educatori che si stanno realizzando con esito positivo. Il tema proposto \u00e8: \u201cLe opzioni missionarie di un centro educativo clarettiano\u201d e \u201cpromuovere qualche progetto comune\u201d. Infine si approfitt\u00f2 del tempo per condividere e celebrare i cent\u2019anni di presenza missionaria clarettiana in Uruguay quest\u2019anno, e l\u2019anno prossimo in Per\u00f9 e Colombia. In tal modo possiamo rivivere la memoria e la passione missionaria dei nostri primi confratelli. Per terminare questa sessione si consegnarono i foglietti del sondaggio per eleggere la nuova giunta direttiva di CICLA.<br \/>\nIn tutto c\u00f2 pass\u00f2 il giorno che si concluse con una Eucarestia centrata sull\u2019ardore missionario degli apostoli e sulla centralit\u00e0 dell\u2019amore in tutto quello che facciamo.<\/p>\n","protected":false},"excerpt":{"rendered":"<p>Citt\u00e0 del Messico. Come tutte le mattine ringraziamo Dio per la vita e il giorno che incominciamo. Oggi la preghiera \u00e8 incentrata sul comandamento dell\u2019amore e della misericordia alla luce della realt\u00e0 di Haiti, dove c\u2019\u00e8 l\u2019impatto tra un paese privo di opportunit\u00e0 e il rifiuto di chi ha il denaro per lavorare. L\u2019estrema povert\u00e0 [&hellip;]<\/p>\n","protected":false},"author":1,"featured_media":0,"comment_status":"closed","ping_status":"closed","sticky":false,"template":"","format":"standard","meta":{"_et_pb_use_builder":"","_et_pb_old_content":"","_et_gb_content_width":"","footnotes":""},"categories":[352],"tags":[],"class_list":["post-59817","post","type-post","status-publish","format-standard","hentry","category-micla-it"],"jetpack_featured_media_url":"","jetpack_sharing_enabled":true,"jetpack_shortlink":"https:\/\/wp.me\/pdaBmi-fyN","jetpack_likes_enabled":true,"_links":{"self":[{"href":"https:\/\/www.claret.org\/it\/wp-json\/wp\/v2\/posts\/59817","targetHints":{"allow":["GET"]}}],"collection":[{"href":"https:\/\/www.claret.org\/it\/wp-json\/wp\/v2\/posts"}],"about":[{"href":"https:\/\/www.claret.org\/it\/wp-json\/wp\/v2\/types\/post"}],"author":[{"embeddable":true,"href":"https:\/\/www.claret.org\/it\/wp-json\/wp\/v2\/users\/1"}],"replies":[{"embeddable":true,"href":"https:\/\/www.claret.org\/it\/wp-json\/wp\/v2\/comments?post=59817"}],"version-history":[{"count":0,"href":"https:\/\/www.claret.org\/it\/wp-json\/wp\/v2\/posts\/59817\/revisions"}],"wp:attachment":[{"href":"https:\/\/www.claret.org\/it\/wp-json\/wp\/v2\/media?parent=59817"}],"wp:term":[{"taxonomy":"category","embeddable":true,"href":"https:\/\/www.claret.org\/it\/wp-json\/wp\/v2\/categories?post=59817"},{"taxonomy":"post_tag","embeddable":true,"href":"https:\/\/www.claret.org\/it\/wp-json\/wp\/v2\/tags?post=59817"}],"curies":[{"name":"wp","href":"https:\/\/api.w.org\/{rel}","templated":true}]}}