{"id":60027,"date":"2007-10-19T19:27:17","date_gmt":"2007-10-19T17:27:17","guid":{"rendered":"https:\/\/www.claret.org\/prima-esperienza-della-fragua-in-inglese\/"},"modified":"2007-10-19T19:27:17","modified_gmt":"2007-10-19T17:27:17","slug":"prima-esperienza-della-fragua-in-inglese","status":"publish","type":"post","link":"https:\/\/www.claret.org\/it\/prima-esperienza-della-fragua-in-inglese\/","title":{"rendered":"Prima esperienza della &#8220;FRAGUA&#8221; in inglese"},"content":{"rendered":"<p align=\"justify\"><strong>India.<\/strong> Con il fine di rinnovare la nostra identit\u00e0 carismatica, il Prefetto Generale di Spiritualit\u00e0, P. Gonzalo Fern\u00e1ndez, ha invitato gli organismi anglofoni ad organizzare &#8220;Fragua &#8220;. In risposta a questa sollecitazione, si sono riuniti a Claret Nivas, Bangalore, per due mesi, anzich\u00e9 gli abituali 4, Luglio ed agosto, 18 clarettiani di 6 organismi (6 di Bangalore 4 di Chennai, 2 di San Tommaso, 3 di Nordest dell&#8217;India, 2 della Nigeria e 1 dello<\/p>\n<div align=\"justify\">Sri Lanka). Il P. S. Jesu Doss, membro dell&#8217;equipe CESC di Vic, ha animato questa prima \u201cFragua\u201d. La presenza all&#8217;inizio dei superiori maggiori ha incoraggiato i partecipanti all&#8217;esperienza della Fragua. Il 1 di Luglio ha presieduto l&#8217;Eucaristia il provinciale di S. Tommaso, P. Augostino Mundiath; finita la Messa, il provinciale di Bangalore, P. Xavier Manavath, ha parlato dell&#8217;importanza di questa esperienza nella formazione permanente. Durante questi due mesi i partecipanti si sono coinvolti attivamente ai dinamismi propri delle quattro tappe:<br \/>\nQuid Prodest, Patris Mei, Caritas Christi e Spiritus Domini. Le dinamiche dei primi giorni, centrate nel Quid prodest, li hanno aiutati a conoscersi e ad impegnarsi per le tappe successive. La pratica giornaliera della Lectio Divina ha contribuito a riconoscere l&#8217;identit\u00e0 clarettiana dinanzi alla Parola di Dio. I dieci giorni degli Esercizi Spirituali, nel monastero benedettino di Kengeri, hanno ravvivato l&#8217;esperienza di Dio e la vocazione missionaria. I dinamismi della terza tappa, Caritas Christi, con i suoi aspetti congregazionali, hanno aiutato a prendere coscienza e ad approfondire vitalmente i consigli evangelici e la vita comunitaria.<br \/>\nL&#8217;ultima tappa, Spiritus Domini, \u00e8 stata molto centrata sulla nostra speciale vocazione come Servitori della Parola di Dio. Il processo di personalizzazione durante queste quattro tappe \u00e8 servito a redigere i progetti personali che mirano a tener vivo il fuoco della Fragua nella vita missionaria quotidiana. Il 31 Agosto abbiamo chiuso l&#8217;esperienza di reiniziazione alla nostra identit\u00e0 clarettiana con una Eucaristia di ringraziamento.<\/div>\n","protected":false},"excerpt":{"rendered":"<p>India. Con il fine di rinnovare la nostra identit\u00e0 carismatica, il Prefetto Generale di Spiritualit\u00e0, P. Gonzalo Fern\u00e1ndez, ha invitato gli organismi anglofoni ad organizzare &#8220;Fragua &#8220;. In risposta a questa sollecitazione, si sono riuniti a Claret Nivas, Bangalore, per due mesi, anzich\u00e9 gli abituali 4, Luglio ed agosto, 18 clarettiani di 6 organismi (6 [&hellip;]<\/p>\n","protected":false},"author":1,"featured_media":0,"comment_status":"closed","ping_status":"closed","sticky":false,"template":"","format":"standard","meta":{"_et_pb_use_builder":"","_et_pb_old_content":"","_et_gb_content_width":"","footnotes":""},"categories":[620],"tags":[],"class_list":["post-60027","post","type-post","status-publish","format-standard","hentry","category-la-fucina"],"jetpack_featured_media_url":"","jetpack_sharing_enabled":true,"jetpack_shortlink":"https:\/\/wp.me\/pdaBmi-fCb","jetpack_likes_enabled":true,"_links":{"self":[{"href":"https:\/\/www.claret.org\/it\/wp-json\/wp\/v2\/posts\/60027","targetHints":{"allow":["GET"]}}],"collection":[{"href":"https:\/\/www.claret.org\/it\/wp-json\/wp\/v2\/posts"}],"about":[{"href":"https:\/\/www.claret.org\/it\/wp-json\/wp\/v2\/types\/post"}],"author":[{"embeddable":true,"href":"https:\/\/www.claret.org\/it\/wp-json\/wp\/v2\/users\/1"}],"replies":[{"embeddable":true,"href":"https:\/\/www.claret.org\/it\/wp-json\/wp\/v2\/comments?post=60027"}],"version-history":[{"count":0,"href":"https:\/\/www.claret.org\/it\/wp-json\/wp\/v2\/posts\/60027\/revisions"}],"wp:attachment":[{"href":"https:\/\/www.claret.org\/it\/wp-json\/wp\/v2\/media?parent=60027"}],"wp:term":[{"taxonomy":"category","embeddable":true,"href":"https:\/\/www.claret.org\/it\/wp-json\/wp\/v2\/categories?post=60027"},{"taxonomy":"post_tag","embeddable":true,"href":"https:\/\/www.claret.org\/it\/wp-json\/wp\/v2\/tags?post=60027"}],"curies":[{"name":"wp","href":"https:\/\/api.w.org\/{rel}","templated":true}]}}