{"id":60527,"date":"2019-08-08T08:06:31","date_gmt":"2019-08-08T06:06:31","guid":{"rendered":"https:\/\/www.claret.org\/ordinazioni-diaconali-in-camerun\/"},"modified":"2019-08-14T03:23:24","modified_gmt":"2019-08-14T01:23:24","slug":"ordinazioni-diaconali-in-camerun","status":"publish","type":"post","link":"https:\/\/www.claret.org\/it\/ordinazioni-diaconali-in-camerun\/","title":{"rendered":"ORDINAZIONI DIACONALI IN CAMERUN"},"content":{"rendered":"<p><strong>Duoala, Camerun.<\/strong> Domenica 4 agosto 2019, in occasione del decimo anniversario e della festa patronale della Parrocchia di Saint Jean Marie Vianney di Beedi Malangue a Duoala, sono stati ordinati diaconi tre Missionari Clarettiani. Sua Eccellenza, il Rev. Cardinale Tumi, Arcivescovo Emerito di Douala, \u00e8 stato il Vescovo che ha ordinato gli Studenti Emeran Mba, Edwin Mbang e Thomas Aquinas Mvondo, CMFF, come Diaconi. Erano presenti P. Jude Langeh, CMF, Superiore Maggiore dei Missionari Clarettiani, diversi confratelli Clarettiani, parenti e amici dei diaconi e alcune autorit\u00e0 della citt\u00e0 di Duoala.<\/p>\n<p>Il P. Fr\u00e9d\u00e9ric Kpoumi\u00e9, CMF, attuale parroco di quella Parrocchia, non ha potuto nascondere la sua emozione. Ha detto: \u201c\u00c8 un grande giorno per noi vivere un simile evento. \u00c8 una cosa nuova. Gloria a Dio per San Giovanni Maria Vianney!\u201d. Il primo parroco di quella Parrocchia, P. Emmanuel Yene, CMF, uno dei testimoni viventi, era anche lui molto contento del frutto della Parrocchia.<\/p>\n<p>Il cardinale Tumi ha concentrato la sua omelia sul rapporto tra uomini e ricchezza. Ha raccomandato vivamente le virt\u00f9 della vita comunitaria: preghiera comunitaria, mangiare insieme, tavola comune, obbedienza ai superiori, castit\u00e0 e povert\u00e0 evangelica.<\/p>\n<p><br data-mce-bogus=\"1\"><\/p>\n<p>[envira-gallery id=&#8221;60137&#8243;]<\/p>\n","protected":false},"excerpt":{"rendered":"<p>Duoala, Camerun. Domenica 4 agosto 2019, in occasione del decimo anniversario e della festa patronale della Parrocchia di Saint Jean Marie Vianney di Beedi Malangue a Duoala, sono stati ordinati diaconi tre Missionari Clarettiani. Sua Eccellenza, il Rev. Cardinale Tumi, Arcivescovo Emerito di Douala, \u00e8 stato il Vescovo che ha ordinato gli Studenti Emeran Mba, [&hellip;]<\/p>\n","protected":false},"author":2,"featured_media":60159,"comment_status":"closed","ping_status":"closed","sticky":false,"template":"","format":"standard","meta":{"_et_pb_use_builder":"","_et_pb_old_content":"","_et_gb_content_width":"","footnotes":""},"categories":[134,577],"tags":[],"class_list":["post-60527","post","type-post","status-publish","format-standard","has-post-thumbnail","hentry","category-cameroun-it","category-ordinazioni"],"jetpack_featured_media_url":"https:\/\/i0.wp.com\/www.claret.org\/wp-content\/uploads\/2019\/08\/CM-20190806-Diaconate-Ordinations-in-Duoala-5.jpg?fit=1080%2C810&ssl=1","jetpack_sharing_enabled":true,"jetpack_shortlink":"https:\/\/wp.me\/pdaBmi-fKf","jetpack_likes_enabled":true,"_links":{"self":[{"href":"https:\/\/www.claret.org\/it\/wp-json\/wp\/v2\/posts\/60527","targetHints":{"allow":["GET"]}}],"collection":[{"href":"https:\/\/www.claret.org\/it\/wp-json\/wp\/v2\/posts"}],"about":[{"href":"https:\/\/www.claret.org\/it\/wp-json\/wp\/v2\/types\/post"}],"author":[{"embeddable":true,"href":"https:\/\/www.claret.org\/it\/wp-json\/wp\/v2\/users\/2"}],"replies":[{"embeddable":true,"href":"https:\/\/www.claret.org\/it\/wp-json\/wp\/v2\/comments?post=60527"}],"version-history":[{"count":0,"href":"https:\/\/www.claret.org\/it\/wp-json\/wp\/v2\/posts\/60527\/revisions"}],"wp:featuredmedia":[{"embeddable":true,"href":"https:\/\/www.claret.org\/it\/wp-json\/wp\/v2\/media\/60159"}],"wp:attachment":[{"href":"https:\/\/www.claret.org\/it\/wp-json\/wp\/v2\/media?parent=60527"}],"wp:term":[{"taxonomy":"category","embeddable":true,"href":"https:\/\/www.claret.org\/it\/wp-json\/wp\/v2\/categories?post=60527"},{"taxonomy":"post_tag","embeddable":true,"href":"https:\/\/www.claret.org\/it\/wp-json\/wp\/v2\/tags?post=60527"}],"curies":[{"name":"wp","href":"https:\/\/api.w.org\/{rel}","templated":true}]}}