{"id":61628,"date":"2019-09-09T06:56:37","date_gmt":"2019-09-09T04:56:37","guid":{"rendered":"https:\/\/www.claret.org\/celebrazione-della-giornata-dell-ambiente\/"},"modified":"2019-09-09T06:56:37","modified_gmt":"2019-09-09T04:56:37","slug":"celebrazione-della-giornata-dell-ambiente","status":"publish","type":"post","link":"https:\/\/www.claret.org\/it\/celebrazione-della-giornata-dell-ambiente\/","title":{"rendered":"CELEBRAZIONE DELLA GIORNATA DELL\u2019 AMBIENTE"},"content":{"rendered":"<p><strong>Bhattiprolu, India.<\/strong> Il 2 settembre 2019, il programma <em>Salvaguardia dell&#8217;Ambiente<\/em> \u00e8 stato svolto nelle enclavi di Chavali e Vellaturu della Parrocchia di Bhattiprolu, nell&#8217;Andhra Pradesh. Tutti gli abitanti, giovani e adulti, insieme ai sacerdoti, hanno partecipato attivamente al programma. Mentre piantavano gli alberi, le persone si incoraggiavano a vicenda ripetendo lo slogan &#8220;<em>Ognuno ne pianta uno<\/em>&#8220;. Il dipartimento forestale della divisione Bapatla \u00e8 stato molto generoso nel fornire cinquecento piante per questo nobile scopo.<\/p>\n<p>Padre Santhosh, Parroco, ha spiegato alla gente la necessit\u00e0 di prendersi cura dell&#8217;ambiente piantando pi\u00f9 alberi.<\/p>\n<blockquote><p>\u201cIl bisogno degli esseri umani di cibo, acqua, riparo e altre cose dipende dall&#8217;ambiente che ci circonda. Pertanto, \u00e8 nostra responsabilit\u00e0 salvaguardare il nostro ambiente e rendere possibile una vita sana e felice qui. \u00c8 importante che ogni individuo, in citt\u00e0 o nel villaggio, sia consapevole di questa responsabilit\u00e0 e adotti misure positive, specialmente attraverso l&#8217;uso corretto dell&#8217;acqua e piantando pi\u00f9 alberi. Curiamo la natura in modo da poter avere un futuro migliore&#8221;.<\/p><\/blockquote>\n<p>&nbsp;<\/p>\n<p>[envira-gallery id=&#8221;61455&#8243;]<\/p>\n","protected":false},"excerpt":{"rendered":"<p>Bhattiprolu, India. Il 2 settembre 2019, il programma Salvaguardia dell&#8217;Ambiente \u00e8 stato svolto nelle enclavi di Chavali e Vellaturu della Parrocchia di Bhattiprolu, nell&#8217;Andhra Pradesh. Tutti gli abitanti, giovani e adulti, insieme ai sacerdoti, hanno partecipato attivamente al programma. Mentre piantavano gli alberi, le persone si incoraggiavano a vicenda ripetendo lo slogan &#8220;Ognuno ne pianta [&hellip;]<\/p>\n","protected":false},"author":2,"featured_media":61459,"comment_status":"closed","ping_status":"closed","sticky":false,"template":"","format":"standard","meta":{"_et_pb_use_builder":"","_et_pb_old_content":"","_et_gb_content_width":"","footnotes":""},"categories":[225,257],"tags":[],"class_list":["post-61628","post","type-post","status-publish","format-standard","has-post-thumbnail","hentry","category-bangalore-it","category-jpic-it"],"jetpack_featured_media_url":"https:\/\/i0.wp.com\/www.claret.org\/wp-content\/uploads\/2019\/09\/BA-20190902-Environment-Day-1.jpg?fit=1600%2C900&ssl=1","jetpack_sharing_enabled":true,"jetpack_shortlink":"https:\/\/wp.me\/pdaBmi-g20","jetpack_likes_enabled":true,"_links":{"self":[{"href":"https:\/\/www.claret.org\/it\/wp-json\/wp\/v2\/posts\/61628","targetHints":{"allow":["GET"]}}],"collection":[{"href":"https:\/\/www.claret.org\/it\/wp-json\/wp\/v2\/posts"}],"about":[{"href":"https:\/\/www.claret.org\/it\/wp-json\/wp\/v2\/types\/post"}],"author":[{"embeddable":true,"href":"https:\/\/www.claret.org\/it\/wp-json\/wp\/v2\/users\/2"}],"replies":[{"embeddable":true,"href":"https:\/\/www.claret.org\/it\/wp-json\/wp\/v2\/comments?post=61628"}],"version-history":[{"count":0,"href":"https:\/\/www.claret.org\/it\/wp-json\/wp\/v2\/posts\/61628\/revisions"}],"wp:featuredmedia":[{"embeddable":true,"href":"https:\/\/www.claret.org\/it\/wp-json\/wp\/v2\/media\/61459"}],"wp:attachment":[{"href":"https:\/\/www.claret.org\/it\/wp-json\/wp\/v2\/media?parent=61628"}],"wp:term":[{"taxonomy":"category","embeddable":true,"href":"https:\/\/www.claret.org\/it\/wp-json\/wp\/v2\/categories?post=61628"},{"taxonomy":"post_tag","embeddable":true,"href":"https:\/\/www.claret.org\/it\/wp-json\/wp\/v2\/tags?post=61628"}],"curies":[{"name":"wp","href":"https:\/\/api.w.org\/{rel}","templated":true}]}}