{"id":69571,"date":"2019-12-05T18:31:26","date_gmt":"2019-12-05T17:31:26","guid":{"rendered":"https:\/\/www.claret.org\/una-tradizione-da-mantenere-admirabile-signum-lettera-apostolica-sul-significato-e-la-importanza-del-presepe\/"},"modified":"2019-12-05T18:31:26","modified_gmt":"2019-12-05T17:31:26","slug":"una-tradizione-da-mantenere-admirabile-signum-lettera-apostolica-sul-significato-e-la-importanza-del-presepe","status":"publish","type":"post","link":"https:\/\/www.claret.org\/it\/una-tradizione-da-mantenere-admirabile-signum-lettera-apostolica-sul-significato-e-la-importanza-del-presepe\/","title":{"rendered":"UNA TRADIZIONE DA MANTENERE: ADMIRABILE SIGNUM (LETTERA APOSTOLICA SUL SIGNIFICATO E LA IMPORTANZA DEL PRESEPE)"},"content":{"rendered":"<p><strong>Citt\u00e0 del Vaticano.<\/strong> All&#8217;inizio del Tempo Liturgico dell&#8217;Avvento, Papa Francesco ha pubblicato, domenica 1\u00b0 dicembre 2019, la sua Lettera Apostolica <em>Admirabile signum<\/em> sul significato e l&#8217;importanza del presepe. Il presepe, dice nella sua Lettera, \u00e8 come un Vangelo vivente che emerge dalle pagine delle Sacre Scritture. Mentre contempliamo la storia del Natale, siamo invitati a intraprendere un viaggio spirituale, attratti dall&#8217;umilt\u00e0 di Dio che \u00e8 diventato uomo per incontrare ogni uomo e donna. Ci rendiamo conto che il suo amore per noi \u00e8 cos\u00ec grande che \u00e8 diventato uno di noi, in modo che a sua volta possiamo essere uno con Lui.<br \/>\nIl Papa incoraggia tutti a mantenere la bella tradizione familiare di preparare il presepe nelle proprie case, nei luoghi pubblici e privati. E afferma che \u00e8 una forma di evangelizzazione cos\u00ec come San Francesco l&#8217;ha capita nel 1223. L&#8217;insegnamento di San Francesco ha toccato il cuore dei cristiani e continua a offrire oggi un mezzo semplice ma autentico per mostrare la bellezza della nostra fede. Nella stessa Lettera, Papa Francesco spiega il messaggio del presepe attraverso i diversi personaggi che lo compongono.<\/p>\n<p>A partire dall&#8217;infanzia e in ogni fase della nostra vita, ci insegna a contemplare Ges\u00f9, a sperimentare l&#8217;amore di Dio per noi, a sentire e credere che Dio \u00e8 con noi e che noi siamo con lui, i suoi figli, fratelli e sorelle, grazie a quel Bambino che \u00e8 il Figlio di Dio e il Figlio della Vergine Maria. E a renderci conto che in quella conoscenza troviamo la vera felicit\u00e0. Come San Francesco, possiamo aprire i nostri cuori a questa semplice grazia, cos\u00ec che dal nostro stupore possa nascere un&#8217;umile preghiera: una preghiera di ringraziamento a Dio, che ha voluto condividere tutto con noi, e quindi non lasciarci mai soli.<\/p>\n<p>Per coloro che non hanno ancora scaricato il documento, lo possono trovare qui sotto:<\/p>\n<p>&nbsp;<\/p>\n\n","protected":false},"excerpt":{"rendered":"<p>Citt\u00e0 del Vaticano. All&#8217;inizio del Tempo Liturgico dell&#8217;Avvento, Papa Francesco ha pubblicato, domenica 1\u00b0 dicembre 2019, la sua Lettera Apostolica Admirabile signum sul significato e l&#8217;importanza del presepe. Il presepe, dice nella sua Lettera, \u00e8 come un Vangelo vivente che emerge dalle pagine delle Sacre Scritture. Mentre contempliamo la storia del Natale, siamo invitati a [&hellip;]<\/p>\n","protected":false},"author":2,"featured_media":69173,"comment_status":"closed","ping_status":"closed","sticky":false,"template":"","format":"standard","meta":{"_et_pb_use_builder":"","_et_pb_old_content":"","_et_gb_content_width":"","footnotes":""},"categories":[605,506],"tags":[],"class_list":["post-69571","post","type-post","status-publish","format-standard","has-post-thumbnail","hentry","category-bacheca","category-notizie-ecclesiastiche"],"jetpack_featured_media_url":"https:\/\/i0.wp.com\/www.claret.org\/wp-content\/uploads\/2019\/12\/nativity-scene-vatican-2019.jpg?fit=2560%2C1920&ssl=1","jetpack_sharing_enabled":true,"jetpack_shortlink":"https:\/\/wp.me\/pdaBmi-i67","jetpack_likes_enabled":true,"_links":{"self":[{"href":"https:\/\/www.claret.org\/it\/wp-json\/wp\/v2\/posts\/69571","targetHints":{"allow":["GET"]}}],"collection":[{"href":"https:\/\/www.claret.org\/it\/wp-json\/wp\/v2\/posts"}],"about":[{"href":"https:\/\/www.claret.org\/it\/wp-json\/wp\/v2\/types\/post"}],"author":[{"embeddable":true,"href":"https:\/\/www.claret.org\/it\/wp-json\/wp\/v2\/users\/2"}],"replies":[{"embeddable":true,"href":"https:\/\/www.claret.org\/it\/wp-json\/wp\/v2\/comments?post=69571"}],"version-history":[{"count":0,"href":"https:\/\/www.claret.org\/it\/wp-json\/wp\/v2\/posts\/69571\/revisions"}],"wp:featuredmedia":[{"embeddable":true,"href":"https:\/\/www.claret.org\/it\/wp-json\/wp\/v2\/media\/69173"}],"wp:attachment":[{"href":"https:\/\/www.claret.org\/it\/wp-json\/wp\/v2\/media?parent=69571"}],"wp:term":[{"taxonomy":"category","embeddable":true,"href":"https:\/\/www.claret.org\/it\/wp-json\/wp\/v2\/categories?post=69571"},{"taxonomy":"post_tag","embeddable":true,"href":"https:\/\/www.claret.org\/it\/wp-json\/wp\/v2\/tags?post=69571"}],"curies":[{"name":"wp","href":"https:\/\/api.w.org\/{rel}","templated":true}]}}