{"id":69808,"date":"2019-12-20T08:56:12","date_gmt":"2019-12-20T07:56:12","guid":{"rendered":"https:\/\/www.claret.org\/conferenza-cambio-climatico-onu-cop-25\/"},"modified":"2019-12-20T08:56:12","modified_gmt":"2019-12-20T07:56:12","slug":"conferenza-cambio-climatico-onu-cop-25","status":"publish","type":"post","link":"https:\/\/www.claret.org\/it\/conferenza-cambio-climatico-onu-cop-25\/","title":{"rendered":"CONFERENZA CAMBIO CLIMATICO ONU \u2013 COP 25"},"content":{"rendered":"<p><strong>Madrid, Spagna.<\/strong> La conferenza delle Nazioni Unite sui cambiamenti climatici &#8211; COP 25 &#8211; si \u00e8 svolta a Madrid dal 2 al 15 dicembre 2019. A causa delle situazioni socio-politiche in Brasile (paese ospitante originale) e Cile (che ha assunto la responsabilit\u00e0 dopo il rifiuto del Brasile ), il luogo era la Spagna, come richiesto dal governo cileno e il Cile ha mantenuto la presidenza dell&#8217;evento. P. Miguel Angel Velasco, CMF, membro della equipe clarettiana delle Nazioni Unite, ha rappresentato la Congregazione nella zona blu riservata ai negoziatori.<\/p>\n<p><img data-recalc-dims=\"1\" loading=\"lazy\" decoding=\"async\" class=\"alignright size-medium wp-image-69792\" src=\"https:\/\/i0.wp.com\/www.claret.org\/wp-content\/uploads\/2019\/12\/UN-20191215-COP25-2.jpg?resize=300%2C225&#038;ssl=1\" alt=\"\" width=\"300\" height=\"225\" title=\"\" srcset=\"https:\/\/i0.wp.com\/www.claret.org\/wp-content\/uploads\/2019\/12\/UN-20191215-COP25-2-scaled.jpg?resize=300%2C225&amp;ssl=1 300w, https:\/\/i0.wp.com\/www.claret.org\/wp-content\/uploads\/2019\/12\/UN-20191215-COP25-2-scaled.jpg?resize=1024%2C768&amp;ssl=1 1024w, https:\/\/i0.wp.com\/www.claret.org\/wp-content\/uploads\/2019\/12\/UN-20191215-COP25-2-scaled.jpg?resize=768%2C576&amp;ssl=1 768w, https:\/\/i0.wp.com\/www.claret.org\/wp-content\/uploads\/2019\/12\/UN-20191215-COP25-2-scaled.jpg?resize=1536%2C1152&amp;ssl=1 1536w, https:\/\/i0.wp.com\/www.claret.org\/wp-content\/uploads\/2019\/12\/UN-20191215-COP25-2-scaled.jpg?resize=2048%2C1536&amp;ssl=1 2048w, https:\/\/i0.wp.com\/www.claret.org\/wp-content\/uploads\/2019\/12\/UN-20191215-COP25-2-scaled.jpg?resize=1080%2C810&amp;ssl=1 1080w, https:\/\/i0.wp.com\/www.claret.org\/wp-content\/uploads\/2019\/12\/UN-20191215-COP25-2-scaled.jpg?w=2160&amp;ssl=1 2160w\" sizes=\"(max-width: 300px) 100vw, 300px\" \/><\/p>\n<p>Le riunioni della COP si sono svolte ogni anno partendo dal Vertice sul Clima di Rio de Janeiro nel 1992. Da allora, ci sono state due pietre miliari particolarmente importanti: la COP3 a Kyoto (1997), in cui si \u00e8 convenuto di ridurre del 5% le emissioni di gas serra; e COP21 a Parigi (2015) in cui sono stati affrontati i cambiamenti climatici, ricordando le riduzioni di CO2, gli aiuti ai paesi colpiti dai cambiamenti climatici e l&#8217;assistenza in modo che questi paesi possano riprendersi dai problemi causati da questi cambiamenti. Studi scientifici hanno dimostrato chiaramente la relazione tra l&#8217;aumento della temperatura del pianeta e lo scioglimento dei poli, l&#8217;aumento del livello delle acque marine, la siccit\u00e0, la natura impetuosa dei cicloni, l&#8217;aumento dell&#8217;acidit\u00e0 nelle acque dal mare. Tutto ci\u00f2 ha un impatto particolarmente notevole sulle popolazioni pi\u00f9 vulnerabili dell&#8217;umanit\u00e0. Parlare dei cambiamenti climatici oggi \u00e8 parlare dei diritti umani e dei diritti delle persone, molto in linea con il <em>Laudato S\u00ec<\/em> di Papa Francesco e l&#8217;Agenda 2030 per lo sviluppo sostenibile.<\/p>\n<p>Persone provenienti da tutto il mondo hanno manifestato per le strade di Madrid il 7 dicembre: giovani, attivisti, gruppi indigeni, personale delle Nazioni Unite e molti delegati ufficiali si sono incontrati e hanno chiesto ai leader di rispondere all&#8217;emergenza climatica. Dopo due settimane di negoziati, la Conferenza delle Nazioni Unite sui cambiamenti climatici &#8211; COP25 &#8211; si \u00e8 conclusa con una decisione adottata il 15. \u00c8 stato pubblicato un testo di cui gli osservatori si sono lamentati essere debole. Gli osservatori del vertice hanno accusato i paesi del G20 e le principali compagnie petrolifere, di gas e di carbone di aver minato la realt\u00e0 dei cambiamenti climatici e di bloccare i progressi per una migliore risposta a questa sfida globale. Il testo della decisione finale della COP25 \u201csottolinea con grande preoccupazione l&#8217;urgente necessit\u00e0 di colmare il divario significativo tra l&#8217;effetto aggregato degli sforzi di mitigazione delle parti in termini di emissioni annuali globali di gas a effetto serra entro il 2020 (&#8230;)&#8221;, pur &#8220;sottolineando l&#8217;urgenza di una maggiore ambizione per garantire il massimo sforzo possibile di mitigazione e adattamento di tutte le parti&#8221;.<\/p>\n<p><img data-recalc-dims=\"1\" loading=\"lazy\" decoding=\"async\" class=\"alignnone size-full wp-image-69798\" src=\"https:\/\/i0.wp.com\/www.claret.org\/wp-content\/uploads\/2019\/12\/UN-20191215-COP25-5.jpg?resize=1080%2C364&#038;ssl=1\" alt=\"\" width=\"1080\" height=\"364\" title=\"\" srcset=\"https:\/\/i0.wp.com\/www.claret.org\/wp-content\/uploads\/2019\/12\/UN-20191215-COP25-5.jpg?w=1186&amp;ssl=1 1186w, https:\/\/i0.wp.com\/www.claret.org\/wp-content\/uploads\/2019\/12\/UN-20191215-COP25-5.jpg?resize=300%2C101&amp;ssl=1 300w, https:\/\/i0.wp.com\/www.claret.org\/wp-content\/uploads\/2019\/12\/UN-20191215-COP25-5.jpg?resize=1024%2C345&amp;ssl=1 1024w, https:\/\/i0.wp.com\/www.claret.org\/wp-content\/uploads\/2019\/12\/UN-20191215-COP25-5.jpg?resize=768%2C259&amp;ssl=1 768w, https:\/\/i0.wp.com\/www.claret.org\/wp-content\/uploads\/2019\/12\/UN-20191215-COP25-5.jpg?resize=1080%2C364&amp;ssl=1 1080w\" sizes=\"(max-width: 1080px) 100vw, 1080px\" \/><\/p>\n<p>Altri passi significativi sono stati: il Patto Verde Europeo per mettere in atto lo sviluppo sostenibile in Europa; l&#8217;accordo dei ministri dell&#8217;economia di un importante gruppo di paesi di introdurre l&#8217;economia verde nei rispettivi bilanci; gli accordi della maggior parte dei paesi dell&#8217;America Latina per lo sviluppo di progetti per la COP26; i gruppi di grandi aziende, citt\u00e0 e regioni che sostengono l&#8217;accordo di Parigi; e la mobilitazione dei cittadini nelle strade.<\/p>\n<p>L\u2019Equipe Clarettiana dell\u2019ONU continuer\u00e0 a seguire gli accordi della COP25 e la strada per la COP26.<\/p>\n<p>Si pu\u00f2 vedere, a continuazione, il <a href=\"https:\/\/unfccc.int\/sites\/default\/files\/resource\/cp2019__L10E_adv.pdf\" rel=\"nofollow noopener\" target=\"_blank\"><strong>TEXTO FINAL<\/strong><\/a><\/p>\n<p><img data-recalc-dims=\"1\" loading=\"lazy\" decoding=\"async\" class=\"alignnone size-full wp-image-69786\" src=\"https:\/\/i0.wp.com\/www.claret.org\/wp-content\/uploads\/2019\/12\/UN-20191215-COP25-3.jpg?resize=1080%2C364&#038;ssl=1\" alt=\"\" width=\"1080\" height=\"364\" title=\"\" srcset=\"https:\/\/i0.wp.com\/www.claret.org\/wp-content\/uploads\/2019\/12\/UN-20191215-COP25-3.jpg?w=1186&amp;ssl=1 1186w, https:\/\/i0.wp.com\/www.claret.org\/wp-content\/uploads\/2019\/12\/UN-20191215-COP25-3.jpg?resize=300%2C101&amp;ssl=1 300w, https:\/\/i0.wp.com\/www.claret.org\/wp-content\/uploads\/2019\/12\/UN-20191215-COP25-3.jpg?resize=1024%2C345&amp;ssl=1 1024w, https:\/\/i0.wp.com\/www.claret.org\/wp-content\/uploads\/2019\/12\/UN-20191215-COP25-3.jpg?resize=768%2C259&amp;ssl=1 768w, https:\/\/i0.wp.com\/www.claret.org\/wp-content\/uploads\/2019\/12\/UN-20191215-COP25-3.jpg?resize=1080%2C364&amp;ssl=1 1080w\" sizes=\"(max-width: 1080px) 100vw, 1080px\" \/><\/p>\n","protected":false},"excerpt":{"rendered":"<p>Madrid, Spagna. La conferenza delle Nazioni Unite sui cambiamenti climatici &#8211; COP 25 &#8211; si \u00e8 svolta a Madrid dal 2 al 15 dicembre 2019. A causa delle situazioni socio-politiche in Brasile (paese ospitante originale) e Cile (che ha assunto la responsabilit\u00e0 dopo il rifiuto del Brasile ), il luogo era la Spagna, come richiesto [&hellip;]<\/p>\n","protected":false},"author":2,"featured_media":69783,"comment_status":"closed","ping_status":"closed","sticky":false,"template":"","format":"standard","meta":{"_et_pb_use_builder":"","_et_pb_old_content":"","_et_gb_content_width":"","footnotes":""},"categories":[257,456],"tags":[],"class_list":["post-69808","post","type-post","status-publish","format-standard","has-post-thumbnail","hentry","category-jpic-it","category-presenza-allonu"],"jetpack_featured_media_url":"https:\/\/i0.wp.com\/www.claret.org\/wp-content\/uploads\/2019\/12\/UN-20191215-COP25-1.jpg?fit=2560%2C1920&ssl=1","jetpack_sharing_enabled":true,"jetpack_shortlink":"https:\/\/wp.me\/pdaBmi-i9W","jetpack_likes_enabled":true,"_links":{"self":[{"href":"https:\/\/www.claret.org\/it\/wp-json\/wp\/v2\/posts\/69808","targetHints":{"allow":["GET"]}}],"collection":[{"href":"https:\/\/www.claret.org\/it\/wp-json\/wp\/v2\/posts"}],"about":[{"href":"https:\/\/www.claret.org\/it\/wp-json\/wp\/v2\/types\/post"}],"author":[{"embeddable":true,"href":"https:\/\/www.claret.org\/it\/wp-json\/wp\/v2\/users\/2"}],"replies":[{"embeddable":true,"href":"https:\/\/www.claret.org\/it\/wp-json\/wp\/v2\/comments?post=69808"}],"version-history":[{"count":0,"href":"https:\/\/www.claret.org\/it\/wp-json\/wp\/v2\/posts\/69808\/revisions"}],"wp:featuredmedia":[{"embeddable":true,"href":"https:\/\/www.claret.org\/it\/wp-json\/wp\/v2\/media\/69783"}],"wp:attachment":[{"href":"https:\/\/www.claret.org\/it\/wp-json\/wp\/v2\/media?parent=69808"}],"wp:term":[{"taxonomy":"category","embeddable":true,"href":"https:\/\/www.claret.org\/it\/wp-json\/wp\/v2\/categories?post=69808"},{"taxonomy":"post_tag","embeddable":true,"href":"https:\/\/www.claret.org\/it\/wp-json\/wp\/v2\/tags?post=69808"}],"curies":[{"name":"wp","href":"https:\/\/api.w.org\/{rel}","templated":true}]}}