{"id":70260,"date":"2020-01-02T18:12:56","date_gmt":"2020-01-02T17:12:56","guid":{"rendered":"https:\/\/www.claret.org\/prime-professioni-nel-continente-americano-il-primo-giorno-dell-anno-2020\/"},"modified":"2020-01-02T18:12:56","modified_gmt":"2020-01-02T17:12:56","slug":"prime-professioni-nel-continente-americano-il-primo-giorno-dell-anno-2020","status":"publish","type":"post","link":"https:\/\/www.claret.org\/it\/prime-professioni-nel-continente-americano-il-primo-giorno-dell-anno-2020\/","title":{"rendered":"PRIME PROFESSIONI NEL CONTINENTE AMERICANO IL PRIMO GIORNO DELL\u2019 ANNO 2020"},"content":{"rendered":"<p><strong>Mixco, Guatemala.<\/strong> Nella solennit\u00e0 di  Maria, Madre di Dio, 1\u00b0 gennaio 2020, sette giovani provenienti da tre importanti Organismi delle Americhe hanno emesso insieme la loro prima professione nella Congregazione dei Missionari Figli del Cuore Immacolato della Beata Vergine Maria, nelle mani del P. Ismael Montero Toyos, CMF, Superiore Provinciale dell&#8217;America Centrale, nella Cappella di Nostra Signora di Guadalupe, a Mixco. Erano i novizi Eduardo Antonio Carranza Aguilera, Byron Uriel Calero Hern\u00e1ndez, Pablo Jos\u00e9 Moreno Ram\u00edrez e Jorge Luis Morales Morales, CMFF della Provincia dell&#8217;America Centrale; Billy Aristobal Freire Ayala, CMF della Provincia della Colombia Orientale &#8211; Ecuador; Jean Abnado Joseph e Jean-Louis Clifford, CMFF della Delegazione Indipendente delle Antille.<\/p>\n<p>La celebrazione si \u00e8 svolta in un clima di grande gioia, fraternit\u00e0, interculturalit\u00e0, gratitudine e riconoscenza per i fratelli della Congregazione che condividono il dono vocazionale con i nuovi professi. Erano presenti oltre ai membri della Famiglia Clarettiana, fedeli della nostra parrocchia, Missionarie della Carit\u00e0, alcuni anziani dell\u2019 Asilo Calcutta, le loro famiglie e amici, persone del Nicaragua e Honduras. La celebrazione liturgica \u00e8 stata seguita da una cena speciale con spettacoli musicali.<\/p>\n<p>&nbsp;<\/p>\n<p>[envira-gallery id=&#8221;70209&#8243;]<\/p>\n","protected":false},"excerpt":{"rendered":"<p>Mixco, Guatemala. Nella solennit\u00e0 di Maria, Madre di Dio, 1\u00b0 gennaio 2020, sette giovani provenienti da tre importanti Organismi delle Americhe hanno emesso insieme la loro prima professione nella Congregazione dei Missionari Figli del Cuore Immacolato della Beata Vergine Maria, nelle mani del P. Ismael Montero Toyos, CMF, Superiore Provinciale dell&#8217;America Centrale, nella Cappella di [&hellip;]<\/p>\n","protected":false},"author":2,"featured_media":70243,"comment_status":"closed","ping_status":"closed","sticky":false,"template":"","format":"standard","meta":{"_et_pb_use_builder":"","_et_pb_old_content":"","_et_gb_content_width":"","footnotes":""},"categories":[360,367,379,580],"tags":[],"class_list":["post-70260","post","type-post","status-publish","format-standard","has-post-thumbnail","hentry","category-antillas-it","category-centroamerica-it","category-colombia-oriental-ecuador-it","category-professioni"],"jetpack_featured_media_url":"https:\/\/i0.wp.com\/www.claret.org\/wp-content\/uploads\/2020\/01\/MICLA-20190101-Primera-Profesi%C3%B3n-6.jpg?fit=960%2C639&ssl=1","jetpack_sharing_enabled":true,"jetpack_shortlink":"https:\/\/wp.me\/pdaBmi-ihe","jetpack_likes_enabled":true,"_links":{"self":[{"href":"https:\/\/www.claret.org\/it\/wp-json\/wp\/v2\/posts\/70260","targetHints":{"allow":["GET"]}}],"collection":[{"href":"https:\/\/www.claret.org\/it\/wp-json\/wp\/v2\/posts"}],"about":[{"href":"https:\/\/www.claret.org\/it\/wp-json\/wp\/v2\/types\/post"}],"author":[{"embeddable":true,"href":"https:\/\/www.claret.org\/it\/wp-json\/wp\/v2\/users\/2"}],"replies":[{"embeddable":true,"href":"https:\/\/www.claret.org\/it\/wp-json\/wp\/v2\/comments?post=70260"}],"version-history":[{"count":0,"href":"https:\/\/www.claret.org\/it\/wp-json\/wp\/v2\/posts\/70260\/revisions"}],"wp:featuredmedia":[{"embeddable":true,"href":"https:\/\/www.claret.org\/it\/wp-json\/wp\/v2\/media\/70243"}],"wp:attachment":[{"href":"https:\/\/www.claret.org\/it\/wp-json\/wp\/v2\/media?parent=70260"}],"wp:term":[{"taxonomy":"category","embeddable":true,"href":"https:\/\/www.claret.org\/it\/wp-json\/wp\/v2\/categories?post=70260"},{"taxonomy":"post_tag","embeddable":true,"href":"https:\/\/www.claret.org\/it\/wp-json\/wp\/v2\/tags?post=70260"}],"curies":[{"name":"wp","href":"https:\/\/api.w.org\/{rel}","templated":true}]}}