{"id":72812,"date":"2020-01-23T18:50:01","date_gmt":"2020-01-23T17:50:01","guid":{"rendered":"https:\/\/www.claret.org\/messaggio-finale-dell-incontro-di-talagante\/"},"modified":"2020-01-23T18:50:01","modified_gmt":"2020-01-23T17:50:01","slug":"messaggio-finale-dell-incontro-di-talagante","status":"publish","type":"post","link":"https:\/\/www.claret.org\/it\/messaggio-finale-dell-incontro-di-talagante\/","title":{"rendered":"MESSAGGIO FINALE DELL\u2019 INCONTRO DI TALAGANTE"},"content":{"rendered":"<p>Cari confratelli,<\/p>\n<p>Ricevete un saluto molto cordiale.<\/p>\n<p>Siamo missionari pieni di gioia!<\/p>\n<p>Da Talagante (Cile) condividiamo questa gioia con l&#8217;intera Congregazione mentre insieme stiamo camminando e immaginando questo cammino verso il XXVI Capitolo Generale. I Superiori Maggiori hanno condiviso alcuni giorni di comunione e fraternit\u00e0 con il Governo Generale. Siamo stati molto aiutati dalla generosit\u00e0 dei clarettiani di San Jos\u00e9 del Sur, che hanno fatto tutto il possibile per realizzare il nostro incontro. L&#8217;ambiente della natura e l&#8217;armonia del Claret Center ci ha anche aiutato a incontrarci e dialogare con il cuore. Ci dispiace molto che i nostri confratelli delle Delegazioni del Congo, Jos\u00e9 Xifr\u00e9 e della Nigeria Occidentale, nonostante tutti i loro sforzi, non siano stati presenti.<\/p>\n<p>In accordo con i nostri sforzi per camminare insieme verso il Capitolo Generale, il Governo Generale ha proposto una metodologia ben preparata ed efficiente per i nostri incontri. Siamo stati in grado di identificare alcune &#8220;malattie&#8221; che affliggono la Congregazione, come la preoccupazione per il proprio interesse, la tendenza a rivendicare meriti e diritti che potrebbero non essere sempre meritati, lo scoraggiamento, l&#8217;attivismo &#8230; Per cercare una cura proponiamo di coltivare il semi di vita che vengono dati nella Congregazione in risposta alla chiamata del Signore attraverso l&#8217;universalit\u00e0, l&#8217;interculturalit\u00e0, la speranza, la comunione, la missione tra i poveri e la preghiera. Su questa strada per il futuro abbiamo sognato quale Congregazione vorremmo vivere nel 2030, con il desiderio di renderla insieme una realt\u00e0, in comunione con l&#8217;intera creazione in un processo di rinnovamento pieno di vita.<\/p>\n<p>Pensare insieme quale percorso pu\u00f2 portarci al Capitolo ci ha aiutato a proiettare quel processo nelle sue varie fasi. Mentre percorriamo questa strada, sentiamo che ci viene concessa la grazia di avere radici profonde e il dono dell&#8217;audacia. In questo modo possiamo arrivare al Capitolo Generale:<\/p>\n<ul>\n<li>Soddisfatti della preparazione precapitolare, sentendoci uniti ai confratelli di molte parti del mondo.<\/li>\n<li>Felici di aver discernito, con l&#8217;aiuto della Famiglia Clarettiana e di altre persone, le principali preoccupazioni e segni di vitalit\u00e0 che si verificano nella Congregazione, inculturati nei vari contesti.<\/li>\n<li>Confermati nelle nostre radici carismatiche e aspirazioni profetiche, avendo potuto condividere ci\u00f2 che realmente viviamo (dando valore alla nostra narrazione).<\/li>\n<li>Volere, come Maria, essere illuminati dallo Spirito e dalla Parola di Dio, e continuare i processi di dialogo e discernimento.<\/li>\n<li>Incoraggiati, insieme ad altri, a compiere dei passi coraggiosi al servizio della &#8220;missio Dei&#8221;.<\/li>\n<\/ul>\n<p>Di conseguenza, proponiamo che il nostro percorso verso il Capitolo sia sviluppato seguendo queste fasi:<\/p>\n<ul>\n<li> Sensibilizzazione e preparazione dei materiali.<\/li>\n<li>Partecipazione, attraverso incontri di tono sinodale.<\/li>\n<li>Organizzazione dei contributi ricevuti e lavori della commissione precapitolare.<\/li>\n<li>Celebrazione del XXVI Capitolo Generale.<\/li>\n<\/ul>\n<p>Le nostre celebrazioni liturgiche hanno rispecchiato la ricca diversit\u00e0 polifonica che oggi caratterizza la Congregazione. Grazie ai tempi condivisi tra riunioni e incontri e ai video inviati dai vari Organismi, ci siamo sentiti vicini a ciascuno di voi nelle varie periferie in cui vivete.<\/p>\n<p>L&#8217;incontro ci ha offerto la grande opportunit\u00e0 di conoscere qualcosa sul popolo cileno e sulla sua cultura, centocinquant\u2019 anni dopo l&#8217;arrivo dei nostri primi confratelli in Cile.<\/p>\n<p>Sebbene esso sia giunto al termine, nei prossimi giorni ci uniremo con un buon numero di confratelli e suore per celebrare il Congresso di spiritualit\u00e0 clarettiana che culminer\u00e0 il 25 in una celebrazione che ricorder\u00e0 i centocinquant\u2019 anni dall&#8217;arrivo dei Clarettiani in questa terra e aprir\u00e0 la serie di eventi che commemoreranno il centocinquantesimo anniversario della morte di Sant&#8217;Antonio Maria Claret.<\/p>\n<p>Diamo valore a tutto ci\u00f2 che state vivendo e facendo per servire la Chiesa e l&#8217;umanit\u00e0. I clarettiani sono chiamati a portare luce a tutti i popoli attraverso il loro modo semplice di vivere, la condivisione dei beni e delle persone e la nostra testimonianza quotidiana del Vangelo. Chiediamo che la preghiera di tutta la Congregazione accompagni il cammino di tutti verso il prossimo Capitolo Generale.<\/p>\n<p>&nbsp;<\/p>\n<p>Talagante (Cile), 20 gennaio 2020.<\/p>\n","protected":false},"excerpt":{"rendered":"<p>Cari confratelli, Ricevete un saluto molto cordiale. Siamo missionari pieni di gioia! Da Talagante (Cile) condividiamo questa gioia con l&#8217;intera Congregazione mentre insieme stiamo camminando e immaginando questo cammino verso il XXVI Capitolo Generale. I Superiori Maggiori hanno condiviso alcuni giorni di comunione e fraternit\u00e0 con il Governo Generale. Siamo stati molto aiutati dalla generosit\u00e0 [&hellip;]<\/p>\n","protected":false},"author":2,"featured_media":72477,"comment_status":"closed","ping_status":"closed","sticky":false,"template":"","format":"standard","meta":{"_et_pb_use_builder":"","_et_pb_old_content":"","_et_gb_content_width":"","footnotes":""},"categories":[605,519,2521],"tags":[],"class_list":["post-72812","post","type-post","status-publish","format-standard","has-post-thumbnail","hentry","category-bacheca","category-governo-generale","category-xxvi-capitolo-generale"],"jetpack_featured_media_url":"https:\/\/i0.wp.com\/www.claret.org\/wp-content\/uploads\/2020\/01\/GG-20200120-%C3%9Altimo-d%C3%ADa-8.jpg?fit=2400%2C1600&ssl=1","jetpack_sharing_enabled":true,"jetpack_shortlink":"https:\/\/wp.me\/pdaBmi-iWo","jetpack_likes_enabled":true,"_links":{"self":[{"href":"https:\/\/www.claret.org\/it\/wp-json\/wp\/v2\/posts\/72812","targetHints":{"allow":["GET"]}}],"collection":[{"href":"https:\/\/www.claret.org\/it\/wp-json\/wp\/v2\/posts"}],"about":[{"href":"https:\/\/www.claret.org\/it\/wp-json\/wp\/v2\/types\/post"}],"author":[{"embeddable":true,"href":"https:\/\/www.claret.org\/it\/wp-json\/wp\/v2\/users\/2"}],"replies":[{"embeddable":true,"href":"https:\/\/www.claret.org\/it\/wp-json\/wp\/v2\/comments?post=72812"}],"version-history":[{"count":0,"href":"https:\/\/www.claret.org\/it\/wp-json\/wp\/v2\/posts\/72812\/revisions"}],"wp:featuredmedia":[{"embeddable":true,"href":"https:\/\/www.claret.org\/it\/wp-json\/wp\/v2\/media\/72477"}],"wp:attachment":[{"href":"https:\/\/www.claret.org\/it\/wp-json\/wp\/v2\/media?parent=72812"}],"wp:term":[{"taxonomy":"category","embeddable":true,"href":"https:\/\/www.claret.org\/it\/wp-json\/wp\/v2\/categories?post=72812"},{"taxonomy":"post_tag","embeddable":true,"href":"https:\/\/www.claret.org\/it\/wp-json\/wp\/v2\/tags?post=72812"}],"curies":[{"name":"wp","href":"https:\/\/api.w.org\/{rel}","templated":true}]}}