{"id":74470,"date":"2020-02-03T09:10:24","date_gmt":"2020-02-03T08:10:24","guid":{"rendered":"https:\/\/www.claret.org\/professione-perpetua-dello-studente-jesus-martinez-lara-cmf\/"},"modified":"2020-02-03T09:10:24","modified_gmt":"2020-02-03T08:10:24","slug":"professione-perpetua-dello-studente-jesus-martinez-lara-cmf","status":"publish","type":"post","link":"https:\/\/www.claret.org\/it\/professione-perpetua-dello-studente-jesus-martinez-lara-cmf\/","title":{"rendered":"PROFESSIONE PERPETUA DELLO STUDENTE JES\u00daS MART\u00cdNEZ LARA, CMF"},"content":{"rendered":"<p><strong>Citt\u00e0 del Messico, Messico.<\/strong> Sabato 1 febbraio, nel pomeriggio, in coincidenza con la Memoria dei Martiri Clarettiani e nell&#8217;ambito della Giornata Mondiale della Vita Religiosa, lo studente Jes\u00fas Mart\u00ednez Lara, CMF, 33 anni ed originario di Torre\u00f3n, Coahuila, ha emesso la professione perpetua dei voti di castit\u00e0, povert\u00e0 e obbedienza dalle mani del P. Enrique Mascorro L\u00f3pez, CMF, Superiore Provinciale del Messico, nella Parrocchia del Purissimo Cuore di Maria, in Messico.<br \/>\nInoltre, aggiungendo al giubilo di questa festa, gli studenti Edgar Salgado, Jos\u00e9 Alberto Hern\u00e1ndez e Juan Carlos Gonz\u00e1lez, CMFF, hanno rinnovato la loro professione religiosa per un altro anno. Lo studente Omar V\u00e1zquez, CMF, ha rinnovato i suoi voti per mano del P. Jos\u00e9 Luis S\u00e1nchez Mart\u00ednez, Prefetto della Formazione della Provincia degli Stati Uniti-Canada.<\/p>\n<p>Al termine della cerimonia si \u00e8 svolto un incontro di benvenuto presso il Dispensario del Valle A.C., dove cibo e momenti gioiosi sono stati condivisi con la famiglia, gli amici e l&#8217;intera comunit\u00e0.<\/p>\n<p>&nbsp;<\/p>\n<p>[envira-gallery id=&#8221;73700&#8243;]<\/p>\n","protected":false},"excerpt":{"rendered":"<p>Citt\u00e0 del Messico, Messico. Sabato 1 febbraio, nel pomeriggio, in coincidenza con la Memoria dei Martiri Clarettiani e nell&#8217;ambito della Giornata Mondiale della Vita Religiosa, lo studente Jes\u00fas Mart\u00ednez Lara, CMF, 33 anni ed originario di Torre\u00f3n, Coahuila, ha emesso la professione perpetua dei voti di castit\u00e0, povert\u00e0 e obbedienza dalle mani del P. Enrique [&hellip;]<\/p>\n","protected":false},"author":2,"featured_media":73734,"comment_status":"closed","ping_status":"closed","sticky":false,"template":"","format":"standard","meta":{"_et_pb_use_builder":"","_et_pb_old_content":"","_et_gb_content_width":"","footnotes":""},"categories":[384,580],"tags":[],"class_list":["post-74470","post","type-post","status-publish","format-standard","has-post-thumbnail","hentry","category-mexico-it","category-professioni"],"jetpack_featured_media_url":"https:\/\/i0.wp.com\/www.claret.org\/wp-content\/uploads\/2020\/02\/MX-20200201-Renovaci%C3%B3n-y-profesi%C3%B3n-perpetua-10.jpg?fit=2560%2C1244&ssl=1","jetpack_sharing_enabled":true,"jetpack_shortlink":"https:\/\/wp.me\/pdaBmi-jn8","jetpack_likes_enabled":true,"_links":{"self":[{"href":"https:\/\/www.claret.org\/it\/wp-json\/wp\/v2\/posts\/74470","targetHints":{"allow":["GET"]}}],"collection":[{"href":"https:\/\/www.claret.org\/it\/wp-json\/wp\/v2\/posts"}],"about":[{"href":"https:\/\/www.claret.org\/it\/wp-json\/wp\/v2\/types\/post"}],"author":[{"embeddable":true,"href":"https:\/\/www.claret.org\/it\/wp-json\/wp\/v2\/users\/2"}],"replies":[{"embeddable":true,"href":"https:\/\/www.claret.org\/it\/wp-json\/wp\/v2\/comments?post=74470"}],"version-history":[{"count":0,"href":"https:\/\/www.claret.org\/it\/wp-json\/wp\/v2\/posts\/74470\/revisions"}],"wp:featuredmedia":[{"embeddable":true,"href":"https:\/\/www.claret.org\/it\/wp-json\/wp\/v2\/media\/73734"}],"wp:attachment":[{"href":"https:\/\/www.claret.org\/it\/wp-json\/wp\/v2\/media?parent=74470"}],"wp:term":[{"taxonomy":"category","embeddable":true,"href":"https:\/\/www.claret.org\/it\/wp-json\/wp\/v2\/categories?post=74470"},{"taxonomy":"post_tag","embeddable":true,"href":"https:\/\/www.claret.org\/it\/wp-json\/wp\/v2\/tags?post=74470"}],"curies":[{"name":"wp","href":"https:\/\/api.w.org\/{rel}","templated":true}]}}