{"id":79229,"date":"2020-05-30T05:28:42","date_gmt":"2020-05-30T03:28:42","guid":{"rendered":"https:\/\/www.claret.org\/non-categorizzato\/p-jose-rodriguez-moran\/"},"modified":"2020-05-30T05:28:42","modified_gmt":"2020-05-30T03:28:42","slug":"p-jose-rodriguez-moran","status":"publish","type":"post","link":"https:\/\/www.claret.org\/it\/p-jose-rodriguez-moran\/","title":{"rendered":"P. JOS\u00c9 RODR\u00cdGUEZ MOR\u00c1N"},"content":{"rendered":"<p>Muore il 29 maggio 2020 a Ciudad Peronia, in Guatemala.<\/p>\n<p>Aveva 55 anni.<\/p>\n<p>Ed apparteneva alla Provincia Centroam\u00e9rica.<\/p>\n<p>Possa riposare nella Pace del Signore.<\/p>\n","protected":false},"excerpt":{"rendered":"<p>Muore il 29 maggio 2020 a Ciudad Peronia, in Guatemala. Aveva 55 anni. Ed apparteneva alla Provincia Centroam\u00e9rica. Possa riposare nella Pace del Signore.<\/p>\n","protected":false},"author":3,"featured_media":79224,"comment_status":"closed","ping_status":"closed","sticky":false,"template":"","format":"standard","meta":{"_et_pb_use_builder":"","_et_pb_old_content":"","_et_gb_content_width":"","footnotes":""},"categories":[560],"tags":[],"class_list":["post-79229","post","type-post","status-publish","format-standard","has-post-thumbnail","hentry","category-defunti"],"jetpack_featured_media_url":"https:\/\/i0.wp.com\/www.claret.org\/wp-content\/uploads\/2020\/05\/Rodriguez-Mor%C3%A1n.jpg?fit=245%2C357&ssl=1","jetpack_sharing_enabled":true,"jetpack_shortlink":"https:\/\/wp.me\/pdaBmi-kBT","jetpack_likes_enabled":true,"_links":{"self":[{"href":"https:\/\/www.claret.org\/it\/wp-json\/wp\/v2\/posts\/79229","targetHints":{"allow":["GET"]}}],"collection":[{"href":"https:\/\/www.claret.org\/it\/wp-json\/wp\/v2\/posts"}],"about":[{"href":"https:\/\/www.claret.org\/it\/wp-json\/wp\/v2\/types\/post"}],"author":[{"embeddable":true,"href":"https:\/\/www.claret.org\/it\/wp-json\/wp\/v2\/users\/3"}],"replies":[{"embeddable":true,"href":"https:\/\/www.claret.org\/it\/wp-json\/wp\/v2\/comments?post=79229"}],"version-history":[{"count":0,"href":"https:\/\/www.claret.org\/it\/wp-json\/wp\/v2\/posts\/79229\/revisions"}],"wp:featuredmedia":[{"embeddable":true,"href":"https:\/\/www.claret.org\/it\/wp-json\/wp\/v2\/media\/79224"}],"wp:attachment":[{"href":"https:\/\/www.claret.org\/it\/wp-json\/wp\/v2\/media?parent=79229"}],"wp:term":[{"taxonomy":"category","embeddable":true,"href":"https:\/\/www.claret.org\/it\/wp-json\/wp\/v2\/categories?post=79229"},{"taxonomy":"post_tag","embeddable":true,"href":"https:\/\/www.claret.org\/it\/wp-json\/wp\/v2\/tags?post=79229"}],"curies":[{"name":"wp","href":"https:\/\/api.w.org\/{rel}","templated":true}]}}