{"id":80387,"date":"2020-06-05T09:37:09","date_gmt":"2020-06-05T07:37:09","guid":{"rendered":"https:\/\/www.claret.org\/non-categorizzato\/professioni-perpetue-a-claret-nivas-barrackpore\/"},"modified":"2020-06-05T09:37:09","modified_gmt":"2020-06-05T07:37:09","slug":"professioni-perpetue-a-claret-nivas-barrackpore","status":"publish","type":"post","link":"https:\/\/www.claret.org\/it\/professioni-perpetue-a-claret-nivas-barrackpore\/","title":{"rendered":"PROFESSIONI PERPETUE A CLARET NIVAS, BARRACKPORE"},"content":{"rendered":"<p><strong>Barrackpore, India.<\/strong> Il 31 maggio 2020, la Comunit\u00e0 Claret Nivas e la Comunit\u00e0 Curia della Delegazione di Calcutta, Barrackpore, hanno celebrato la solennit\u00e0 di Pentecoste, la visita della Madonna a Santa Elisabetta e la Professione perpetua dei nostri confratelli. La celebrazione della Santa Eucaristia \u00e8 iniziata alle 11:00 con una solenne processione. Il Padre V. Lawrence CMF, Superiore Maggiore della Delegazione Indipendente di Calcutta, ha presieduto la celebrazione. Il P. George Kollamparampil, CMF, Superiore del Claret Nivas ha sottolineato nella sua omelia l&#8217;importanza dei voti religiosi e della disponibilit\u00e0 per la missione universale.<\/p>\n<p>Quattro degli studenti appartenenti alla Provincia di Chennai, in particolare Ashish Pani, Jikhoriyo Nayak, Francis Kumar A. e Shyam C. e due della Delegazione di Calcutta, ovvero Abinash Toppo e Robert R. hanno fatto la Professione Perpetua. Al termine della Santa Messa, il Superiore Maggiore ha trasmesso i suoi migliori auguri e il messaggio del Padre Generale ai candidati. Sono seguiti un programma di congratulazioni e il pasto fraterno.<\/p>\n<p>&nbsp;<\/p>\n<p>[envira-gallery id=&#8221;80190&#8243;]<\/p>\n","protected":false},"excerpt":{"rendered":"<p>Barrackpore, India. Il 31 maggio 2020, la Comunit\u00e0 Claret Nivas e la Comunit\u00e0 Curia della Delegazione di Calcutta, Barrackpore, hanno celebrato la solennit\u00e0 di Pentecoste, la visita della Madonna a Santa Elisabetta e la Professione perpetua dei nostri confratelli. La celebrazione della Santa Eucaristia \u00e8 iniziata alle 11:00 con una solenne processione. Il Padre V. [&hellip;]<\/p>\n","protected":false},"author":2,"featured_media":80206,"comment_status":"closed","ping_status":"closed","sticky":false,"template":"","format":"standard","meta":{"_et_pb_use_builder":"","_et_pb_old_content":"","_et_gb_content_width":"","footnotes":""},"categories":[229,233],"tags":[],"class_list":["post-80387","post","type-post","status-publish","format-standard","has-post-thumbnail","hentry","category-chennai-it","category-kolkata-it"],"jetpack_featured_media_url":"https:\/\/i0.wp.com\/www.claret.org\/wp-content\/uploads\/2020\/06\/KK-20200531-Perpetual-Professions-3-scaled.jpg?fit=2560%2C1182&ssl=1","jetpack_sharing_enabled":true,"jetpack_shortlink":"https:\/\/wp.me\/pdaBmi-kUz","jetpack_likes_enabled":true,"_links":{"self":[{"href":"https:\/\/www.claret.org\/it\/wp-json\/wp\/v2\/posts\/80387","targetHints":{"allow":["GET"]}}],"collection":[{"href":"https:\/\/www.claret.org\/it\/wp-json\/wp\/v2\/posts"}],"about":[{"href":"https:\/\/www.claret.org\/it\/wp-json\/wp\/v2\/types\/post"}],"author":[{"embeddable":true,"href":"https:\/\/www.claret.org\/it\/wp-json\/wp\/v2\/users\/2"}],"replies":[{"embeddable":true,"href":"https:\/\/www.claret.org\/it\/wp-json\/wp\/v2\/comments?post=80387"}],"version-history":[{"count":0,"href":"https:\/\/www.claret.org\/it\/wp-json\/wp\/v2\/posts\/80387\/revisions"}],"wp:featuredmedia":[{"embeddable":true,"href":"https:\/\/www.claret.org\/it\/wp-json\/wp\/v2\/media\/80206"}],"wp:attachment":[{"href":"https:\/\/www.claret.org\/it\/wp-json\/wp\/v2\/media?parent=80387"}],"wp:term":[{"taxonomy":"category","embeddable":true,"href":"https:\/\/www.claret.org\/it\/wp-json\/wp\/v2\/categories?post=80387"},{"taxonomy":"post_tag","embeddable":true,"href":"https:\/\/www.claret.org\/it\/wp-json\/wp\/v2\/tags?post=80387"}],"curies":[{"name":"wp","href":"https:\/\/api.w.org\/{rel}","templated":true}]}}