{"id":82681,"date":"2020-06-19T05:29:45","date_gmt":"2020-06-19T03:29:45","guid":{"rendered":"https:\/\/www.claret.org\/p-jesus-maria-ibanez-rodriguez\/"},"modified":"2020-06-19T05:29:45","modified_gmt":"2020-06-19T03:29:45","slug":"p-jesus-maria-ibanez-rodriguez","status":"publish","type":"post","link":"https:\/\/www.claret.org\/it\/p-jesus-maria-ibanez-rodriguez\/","title":{"rendered":"P. JES\u00daS MAR\u00cdA IB\u00c1\u00d1EZ RODR\u00cdGUEZ"},"content":{"rendered":"<p>Muore il 18 giugno 2020 a Pamplona, in Spagna.<\/p>\n<p>Aveva 64 anni.<\/p>\n<p>Ed apparteneva alla Provincia di Sanctus Paulus.<\/p>\n<p>Possa riposare nella Pace del Signore.<\/p>\n","protected":false},"excerpt":{"rendered":"<p>Muore il 18 giugno 2020 a Pamplona, in Spagna. Aveva 64 anni. Ed apparteneva alla Provincia di Sanctus Paulus. Possa riposare nella Pace del Signore.<\/p>\n","protected":false},"author":3,"featured_media":82675,"comment_status":"closed","ping_status":"closed","sticky":false,"template":"","format":"standard","meta":{"_et_pb_use_builder":"","_et_pb_old_content":"","_et_gb_content_width":"","footnotes":""},"categories":[560],"tags":[],"class_list":["post-82681","post","type-post","status-publish","format-standard","has-post-thumbnail","hentry","category-defunti"],"jetpack_featured_media_url":"https:\/\/i0.wp.com\/www.claret.org\/wp-content\/uploads\/2020\/06\/Ib%C3%A1%C3%B1ez.jpg?fit=250%2C394&ssl=1","jetpack_sharing_enabled":true,"jetpack_shortlink":"https:\/\/wp.me\/pdaBmi-lvz","jetpack_likes_enabled":true,"_links":{"self":[{"href":"https:\/\/www.claret.org\/it\/wp-json\/wp\/v2\/posts\/82681","targetHints":{"allow":["GET"]}}],"collection":[{"href":"https:\/\/www.claret.org\/it\/wp-json\/wp\/v2\/posts"}],"about":[{"href":"https:\/\/www.claret.org\/it\/wp-json\/wp\/v2\/types\/post"}],"author":[{"embeddable":true,"href":"https:\/\/www.claret.org\/it\/wp-json\/wp\/v2\/users\/3"}],"replies":[{"embeddable":true,"href":"https:\/\/www.claret.org\/it\/wp-json\/wp\/v2\/comments?post=82681"}],"version-history":[{"count":0,"href":"https:\/\/www.claret.org\/it\/wp-json\/wp\/v2\/posts\/82681\/revisions"}],"wp:featuredmedia":[{"embeddable":true,"href":"https:\/\/www.claret.org\/it\/wp-json\/wp\/v2\/media\/82675"}],"wp:attachment":[{"href":"https:\/\/www.claret.org\/it\/wp-json\/wp\/v2\/media?parent=82681"}],"wp:term":[{"taxonomy":"category","embeddable":true,"href":"https:\/\/www.claret.org\/it\/wp-json\/wp\/v2\/categories?post=82681"},{"taxonomy":"post_tag","embeddable":true,"href":"https:\/\/www.claret.org\/it\/wp-json\/wp\/v2\/tags?post=82681"}],"curies":[{"name":"wp","href":"https:\/\/api.w.org\/{rel}","templated":true}]}}