{"id":93669,"date":"2020-12-02T14:56:03","date_gmt":"2020-12-02T13:56:03","guid":{"rendered":"https:\/\/www.claret.org\/conferenza-parola-2020\/"},"modified":"2020-12-02T14:56:03","modified_gmt":"2020-12-02T13:56:03","slug":"conferenza-parola-2020","status":"publish","type":"post","link":"https:\/\/www.claret.org\/it\/conferenza-parola-2020\/","title":{"rendered":"Conferenza Parola 2020"},"content":{"rendered":"<p><strong>2 dicembre 2020. Filippine. <\/strong> La Provincia dei Missionari Clarettiani delle Filippine e la Claretian Communications Foundation, Inc., su iniziativa della Commissione Biblica dei Missionari Clarettiani nelle Filippine, hanno organizzato il 29 e 30 novembre la CONFERENZA PAROLA 2020 (WordConPH) nel suo terzo anno consecutivo, con il tema &#8220;La Parola e l&#8217;Adorazione: &#8230; offrire continuamente attraverso Ges\u00f9 [la Parola] un sacrificio di lode (Ebrei 13:15)&#8221;.   <\/p>\n<p>La WordConPH \u00e8 stata condotta attraverso la piattaforma Zoom, a causa della pandemia di coronavirus (COVID-19). Pi\u00f9 di 260 persone hanno partecipato alla conferenza, iscritte gratuitamente e provenienti da varie parti del mondo: Stati Uniti, Papua Nuova Guinea, Vietnam e Malta. Sono state create sale sulla piattaforma Zoom in modo che i partecipanti avessero l&#8217;opportunit\u00e0 di condividere e porre domande, sia espositori che ascoltatori. Questi gruppi sono stati moderati dal sign. Alvin Macarenas e dalla sign. Rosario K. Garc\u00eda.<\/p>\n<div class=\"et_pb_slider et_pb_slider_fullwidth_off et_pb_gallery_post_type\">\n\t\t\t\t<div class=\"et_pb_slides\">\n\t\t\t\t\t<div class=\"et_pb_slide\" style=\"background: url(https:\/\/www.claret.org\/wp-content\/uploads\/2020\/12\/PH-20201130-WordCon-2020-14.jpg);\"><\/div><div class=\"et_pb_slide\" style=\"background: url(https:\/\/www.claret.org\/wp-content\/uploads\/2020\/12\/PH-20201130-WordCon-2020-13.jpg);\"><\/div>\n\t\t\t\t<\/div>\n\t\t\t<\/div>\n<p>Il primo giorno del convegno il Fratello Carlito &#8220;Karl&#8221; M. Gaspar, CSsR ha condiviso il tema &#8220;Prendere sul serio il discorso dell&#8217;inculturazione: l&#8217;urgente sfida dell&#8217;opera missionaria di evangelizzazione tra le popolazioni indigene&#8221;. Il Fratello Carlo ha sottolineato che oggi dobbiamo tenere conto della sfida dell&#8217;inculturazione e di come affrontare le nostre sorelle e fratelli indigeni che hanno abbracciato la fede cattolica.<\/p>\n<p>Alla proposta di frate Carlo, padre Raymond Montero-Ambray ha reagito sottolineando la necessit\u00e0 di stabilire un impegno per il dialogo tra le popolazioni indigene, che potrebbe essere la risposta della Chiesa locale alle sfide dell&#8217;inculturazione.<br \/>\nLa seconda conferenza \u00e8 stata tenuta dal Dr. Michael Demetrius H. Asis sull&#8217;argomento: &#8220;I nostri cuori non bruciavano? Proclamare la Parola che ispira il discepolato nella liturgia&#8221;.  Il Dr. Asis ha sfidato i partecipanti a non leggere la Parola di Dio come se fosse una finzione, ma a leggerla come Parola viva di Dio e ha sottolineato la necessit\u00e0 di collegare sempre ci\u00f2 che diciamo di Ges\u00f9 oggi a ci\u00f2 che era come persona storica.<\/p>\n<p>A questa seconda conferenza ha partecipato la Signora Tinnah dela Rosa, sottolineando quanto affermato dalla Dott.ssa Asis, nel fornire un&#8217;immagine guida ai catechisti, a coloro che sono nell&#8217;educazione religiosa, alla pastorale giovanile e specialmente a quelli del ministero della predicazione affinch\u00e9 possano attrarre persone e sperimentare l\u2019ardere nell&#8217;amore di Dio e della sua Parola.<\/p>\n<p>Il secondo giorno di WordConPH \u00e8 iniziato con il discorso su &#8220;La parola nel tempo della pandemia&#8221;, del P. Jos\u00e9 Jonathan A. Bitoy, CMF. Il P. Bitoy ha invitato i partecipanti a rivolgere la Parola di Dio in questo tempo apocalittico, di pandemia, ispirato alla Buona Novella che ha sorretto la fede dei primi cristiani in mezzo alla persecuzione. Ha sottolineato che oggi, mentre il mondo sperimenta gli effetti devastanti della pandemia di Covid-19, la Parola di Dio ci fornisce lo stesso conforto e le stesse rassicurazioni del passato.<\/p>\n<p>A questo discorso ha partecipato il Sig. Leo-Martin Angelo Ocampo, OP, evidenziando la difficile esperienza delle persone di oggi, in particolare di quelle che sono state colpite o addirittura hanno perso una persona cara a causa del coronavirus (Covid-19).<\/p>\n<p>La seconda conferenza \u00e8 stata tenuta dal P. Alejandro Gobrin, CMF, sul tema &#8220;Ebrei: un invito a un sacrificio di lode&#8221;. Il P. Gobrin ha esortato i partecipanti a ripensare la nostra visione del mondo, la nostra vita esistenziale, la nostra fede, la nostra etica e le nostre relazioni con se stessi, con Dio, con gli altri e con tutta la creazione. Ha inoltre spiegato che la Lettera agli Ebrei pu\u00f2 incoraggiarci a mantenere la nostra fede, specialmente in questi tempi in cui le nostre espressioni di fede, celebrazioni liturgiche e adorazione sono limitate.<br \/>\nA titolo di reazione, il P. Anthony Carreon, CMF ha sottolineato la parola incentrarsi, cio\u00e8  che il pi\u00f9 importante \u00e8 concentrarsi su Ges\u00f9 Cristo. Per questo, il P. Carreon ha invitato gli uditori a ricordare le esperienze dei primi cristiani durante il periodo della persecuzione, che non hanno impedito loro di lodare Dio ed imitare Ges\u00f9 Cristo.<\/p>\n<p>&nbsp;<\/p>\n<p>[envira-gallery id=&#8221;93393&#8243;]<\/p>\n","protected":false},"excerpt":{"rendered":"<p>2 dicembre 2020. Filippine. La Provincia dei Missionari Clarettiani delle Filippine e la Claretian Communications Foundation, Inc., su iniziativa della Commissione Biblica dei Missionari Clarettiani nelle Filippine, hanno organizzato il 29 e 30 novembre la CONFERENZA PAROLA 2020 (WordConPH) nel suo terzo anno consecutivo, con il tema &#8220;La Parola e l&#8217;Adorazione: &#8230; offrire continuamente attraverso [&hellip;]<\/p>\n","protected":false},"author":1,"featured_media":93458,"comment_status":"closed","ping_status":"closed","sticky":false,"template":"","format":"standard","meta":{"_et_pb_use_builder":"","_et_pb_old_content":"","_et_gb_content_width":"","footnotes":""},"categories":[252,414],"tags":[],"class_list":["post-93669","post","type-post","status-publish","format-standard","has-post-thumbnail","hentry","category-claret-publishing-group-it","category-pastorale-biblico"],"jetpack_featured_media_url":"https:\/\/i0.wp.com\/www.claret.org\/wp-content\/uploads\/2020\/12\/PH-20201130-WordCon-2020-7.jpg?fit=878%2C405&ssl=1","jetpack_sharing_enabled":true,"jetpack_shortlink":"https:\/\/wp.me\/pdaBmi-omN","jetpack_likes_enabled":true,"_links":{"self":[{"href":"https:\/\/www.claret.org\/it\/wp-json\/wp\/v2\/posts\/93669","targetHints":{"allow":["GET"]}}],"collection":[{"href":"https:\/\/www.claret.org\/it\/wp-json\/wp\/v2\/posts"}],"about":[{"href":"https:\/\/www.claret.org\/it\/wp-json\/wp\/v2\/types\/post"}],"author":[{"embeddable":true,"href":"https:\/\/www.claret.org\/it\/wp-json\/wp\/v2\/users\/1"}],"replies":[{"embeddable":true,"href":"https:\/\/www.claret.org\/it\/wp-json\/wp\/v2\/comments?post=93669"}],"version-history":[{"count":0,"href":"https:\/\/www.claret.org\/it\/wp-json\/wp\/v2\/posts\/93669\/revisions"}],"wp:featuredmedia":[{"embeddable":true,"href":"https:\/\/www.claret.org\/it\/wp-json\/wp\/v2\/media\/93458"}],"wp:attachment":[{"href":"https:\/\/www.claret.org\/it\/wp-json\/wp\/v2\/media?parent=93669"}],"wp:term":[{"taxonomy":"category","embeddable":true,"href":"https:\/\/www.claret.org\/it\/wp-json\/wp\/v2\/categories?post=93669"},{"taxonomy":"post_tag","embeddable":true,"href":"https:\/\/www.claret.org\/it\/wp-json\/wp\/v2\/tags?post=93669"}],"curies":[{"name":"wp","href":"https:\/\/api.w.org\/{rel}","templated":true}]}}