{"id":93761,"date":"2020-12-09T10:18:17","date_gmt":"2020-12-09T09:18:17","guid":{"rendered":"https:\/\/www.claret.org\/professioni-perpetue-e-25-anniversario-di-vita-religiosa-in-camerun\/"},"modified":"2020-12-20T00:17:07","modified_gmt":"2020-12-19T23:17:07","slug":"professioni-perpetue-e-25-anniversario-di-vita-religiosa-in-camerun","status":"publish","type":"post","link":"https:\/\/www.claret.org\/it\/professioni-perpetue-e-25-anniversario-di-vita-religiosa-in-camerun\/","title":{"rendered":"Professioni perpetue e 25\u00b0 anniversario di vita religiosa in Camerun"},"content":{"rendered":"<p><strong>Yaound\u00e9, Camerun. <\/strong>Nella solennit\u00e0 dell&#8217;Immacolata Concezione, marted\u00ec 8 dicembre, i Missionari Clarettiani della Delegazione Indipendente di Cameroun hanno sperimentato la gioia di accogliere quattro giovani che hanno emesso la loro professione definitiva come membri della Congregazione. La professione perpetua si \u00e8 svolta nella parrocchia di St. Charles Lwanga di Nkolbisson, dell&#8217;arcidiocesi di Yaound\u00e9. La Messa \u00e8 stata presieduta da P. Henry Omonisaye, cmf, Consigliere del Governo Generale. In questa stessa occasione, P. Liboire, cmf, ha concelebrato, ringraziando Dio e celebrando i suoi 25 anni di vita religiosa.<\/p>\n","protected":false},"excerpt":{"rendered":"<p>Yaound\u00e9, Camerun. Nella solennit\u00e0 dell&#8217;Immacolata Concezione, marted\u00ec 8 dicembre, i Missionari Clarettiani della Delegazione Indipendente di Cameroun hanno sperimentato la gioia di accogliere quattro giovani che hanno emesso la loro professione definitiva come membri della Congregazione. La professione perpetua si \u00e8 svolta nella parrocchia di St. Charles Lwanga di Nkolbisson, dell&#8217;arcidiocesi di Yaound\u00e9. La Messa [&hellip;]<\/p>\n","protected":false},"author":1,"featured_media":93754,"comment_status":"closed","ping_status":"closed","sticky":false,"template":"","format":"standard","meta":{"_et_pb_use_builder":"","_et_pb_old_content":"","_et_gb_content_width":"","footnotes":""},"categories":[134,580],"tags":[],"class_list":["post-93761","post","type-post","status-publish","format-standard","has-post-thumbnail","hentry","category-cameroun-it","category-professioni"],"jetpack_featured_media_url":"https:\/\/i0.wp.com\/www.claret.org\/wp-content\/uploads\/2020\/12\/CM-20201208-Perpetual-and-25-prof-anniversary.jpg?fit=1024%2C768&ssl=1","jetpack_sharing_enabled":true,"jetpack_shortlink":"https:\/\/wp.me\/pdaBmi-ooh","jetpack_likes_enabled":true,"_links":{"self":[{"href":"https:\/\/www.claret.org\/it\/wp-json\/wp\/v2\/posts\/93761","targetHints":{"allow":["GET"]}}],"collection":[{"href":"https:\/\/www.claret.org\/it\/wp-json\/wp\/v2\/posts"}],"about":[{"href":"https:\/\/www.claret.org\/it\/wp-json\/wp\/v2\/types\/post"}],"author":[{"embeddable":true,"href":"https:\/\/www.claret.org\/it\/wp-json\/wp\/v2\/users\/1"}],"replies":[{"embeddable":true,"href":"https:\/\/www.claret.org\/it\/wp-json\/wp\/v2\/comments?post=93761"}],"version-history":[{"count":0,"href":"https:\/\/www.claret.org\/it\/wp-json\/wp\/v2\/posts\/93761\/revisions"}],"wp:featuredmedia":[{"embeddable":true,"href":"https:\/\/www.claret.org\/it\/wp-json\/wp\/v2\/media\/93754"}],"wp:attachment":[{"href":"https:\/\/www.claret.org\/it\/wp-json\/wp\/v2\/media?parent=93761"}],"wp:term":[{"taxonomy":"category","embeddable":true,"href":"https:\/\/www.claret.org\/it\/wp-json\/wp\/v2\/categories?post=93761"},{"taxonomy":"post_tag","embeddable":true,"href":"https:\/\/www.claret.org\/it\/wp-json\/wp\/v2\/tags?post=93761"}],"curies":[{"name":"wp","href":"https:\/\/api.w.org\/{rel}","templated":true}]}}