{"id":95313,"date":"2021-01-31T22:33:25","date_gmt":"2021-01-31T21:33:25","guid":{"rendered":"https:\/\/www.claret.org\/interpellati-dal-loro-sangue-profetico\/"},"modified":"2021-02-07T12:50:49","modified_gmt":"2021-02-07T11:50:49","slug":"interpellati-dal-loro-sangue-profetico","status":"publish","type":"post","link":"https:\/\/www.claret.org\/it\/interpellati-dal-loro-sangue-profetico\/","title":{"rendered":"Interpellati dal loro sangue profetico"},"content":{"rendered":"<p><span style=\"font-size: 14pt;\"><strong>Cari fratelli:<\/strong><\/span><\/p>\n<p>Il primo giorno di febbraio \u00e8 il giorno della memoria di tutti i nostri martiri clarettiani. Li ricordiamo e ringraziamo il Signore per la loro fedelt\u00e0 fino alla fine. La loro memoria ci sfida ad essere fedeli in tutto, a partire dalle piccole fedelt\u00e0 della nostra vita quotidiana. Penso spesso con ammirazione alla cultura missionaria delle comunit\u00e0 dei nostri martiri e dell&#8217;intera Congregazione, che hanno affrontato coraggiosamente gli atteggiamenti politici e sociali ostili nei confronti della Chiesa che poi hanno dominato. Era una posizione profetica. Hanno visto la vita e il suo scopo attraverso una lente diversa dalle ideologie del momento. I nostri fratelli preferivano abbracciare la morte piuttosto che rinunciare a Cristo per compiacere gli altri.<\/p>\n<p>Ci siamo consacrati a Dio come Missionari Clarettiani per raggiungere l&#8217;obiettivo per il quale Dio ha suscitato la Congregazione nella Chiesa. Il giorno della nostra professione lo pronunciamo con coraggio. Dietro quell&#8217;atto c&#8217;\u00e8 un modo alternativo di vedere le cose, una visione profetica, diversa dalla logica del mondo. Un profeta vede le cose dal punto di vista di Dio e sente il dolore di Dio che soffre per il suo popolo. Ges\u00f9 ha vissuto pienamente questa visione alternativa. Per Claret, la missione profetica di Ges\u00f9 \u00e8 stata al centro della sua esperienza apostolica e fonte della sua ispirazione (cfr MCH 58).<\/p>\n<p>Ricordando il martirio dei nostri fratelli, vi invito a riflettere sulla dimensione profetica della nostra vocazione missionaria. In che misura la nostra visione del mondo, degli altri e di Dio \u00e8 diversa dalla visione secolare che ci circonda? Fino a che punto la nostra mentalit\u00e0 si avvicina a quella di Ges\u00f9, come si riflette nei Vangeli? Questo esame di coscienza pu\u00f2 incoraggiare la nostra preparazione al XXVI Capitolo Generale. In un momento di grande cambiamento a tutti i livelli dobbiamo esplorare ci\u00f2 che \u00e8 profetico nella nostra vita e missione attuale e come possiamo fare nostra la visione di Ges\u00f9 sull\u2019umanit\u00e0.<\/p>\n<p>Domandiamo per l\u2019intercessione dei nostri fratelli martiri il dono della fedelt\u00e0 al nostro carisma profetico. Vi auguro una fervorosa celebrazione della memoria di tutti i martiri clarettiani.<\/p>\n<p style=\"text-align: right;\"><span style=\"font-size: 14pt;\"><strong>Mathew Vattamattam, CMF<\/strong><\/span><\/p>\n<p style=\"text-align: right;\"><strong>Superiore Generale<\/strong><\/p>\n","protected":false},"excerpt":{"rendered":"<p>Cari fratelli: Il primo giorno di febbraio \u00e8 il giorno della memoria di tutti i nostri martiri clarettiani. Li ricordiamo e ringraziamo il Signore per la loro fedelt\u00e0 fino alla fine. La loro memoria ci sfida ad essere fedeli in tutto, a partire dalle piccole fedelt\u00e0 della nostra vita quotidiana. Penso spesso con ammirazione alla [&hellip;]<\/p>\n","protected":false},"author":1,"featured_media":95066,"comment_status":"closed","ping_status":"closed","sticky":false,"template":"","format":"standard","meta":{"_et_pb_use_builder":"","_et_pb_old_content":"","_et_gb_content_width":"","footnotes":""},"categories":[265,271,466,1100,1882,475,1202,479],"tags":[],"class_list":["post-95313","post","type-post","status-publish","format-standard","has-post-thumbnail","hentry","category-109-cmf-it","category-andres-sola-it","category-cause-dei-santi","category-fernan-caballero-it","category-mariano-avellana-it","category-martiri-di-barbastro","category-mathew-vattamattam-it","category-servi-di-dio"],"jetpack_featured_media_url":"https:\/\/i0.wp.com\/www.claret.org\/wp-content\/uploads\/2021\/01\/Memoria-de-los-Martires-Claretianos.jpg?fit=1280%2C720&ssl=1","jetpack_sharing_enabled":true,"jetpack_shortlink":"https:\/\/wp.me\/pdaBmi-oNj","jetpack_likes_enabled":true,"_links":{"self":[{"href":"https:\/\/www.claret.org\/it\/wp-json\/wp\/v2\/posts\/95313","targetHints":{"allow":["GET"]}}],"collection":[{"href":"https:\/\/www.claret.org\/it\/wp-json\/wp\/v2\/posts"}],"about":[{"href":"https:\/\/www.claret.org\/it\/wp-json\/wp\/v2\/types\/post"}],"author":[{"embeddable":true,"href":"https:\/\/www.claret.org\/it\/wp-json\/wp\/v2\/users\/1"}],"replies":[{"embeddable":true,"href":"https:\/\/www.claret.org\/it\/wp-json\/wp\/v2\/comments?post=95313"}],"version-history":[{"count":0,"href":"https:\/\/www.claret.org\/it\/wp-json\/wp\/v2\/posts\/95313\/revisions"}],"wp:featuredmedia":[{"embeddable":true,"href":"https:\/\/www.claret.org\/it\/wp-json\/wp\/v2\/media\/95066"}],"wp:attachment":[{"href":"https:\/\/www.claret.org\/it\/wp-json\/wp\/v2\/media?parent=95313"}],"wp:term":[{"taxonomy":"category","embeddable":true,"href":"https:\/\/www.claret.org\/it\/wp-json\/wp\/v2\/categories?post=95313"},{"taxonomy":"post_tag","embeddable":true,"href":"https:\/\/www.claret.org\/it\/wp-json\/wp\/v2\/tags?post=95313"}],"curies":[{"name":"wp","href":"https:\/\/api.w.org\/{rel}","templated":true}]}}