{"id":98074,"date":"2021-04-12T17:30:29","date_gmt":"2021-04-12T15:30:29","guid":{"rendered":"https:\/\/www.claret.org\/p-xabier-larranaga-oyarzabal-cmf-consultore-della-congregazione-degli-istituti-di-vita-consacrata-e-delle-societa-di-vita-apostolica\/"},"modified":"2021-04-12T17:30:29","modified_gmt":"2021-04-12T15:30:29","slug":"p-xabier-larranaga-oyarzabal-cmf-consultore-della-congregazione-degli-istituti-di-vita-consacrata-e-delle-societa-di-vita-apostolica","status":"publish","type":"post","link":"https:\/\/www.claret.org\/it\/p-xabier-larranaga-oyarzabal-cmf-consultore-della-congregazione-degli-istituti-di-vita-consacrata-e-delle-societa-di-vita-apostolica\/","title":{"rendered":"P. Xabier Larra\u00f1aga Oyarzabal CMF \u2013 Consultore della Congregazione degli Istituti di Vita Consacrata e delle Societ\u00e0 di Vita Apostolica"},"content":{"rendered":"<p style=\"text-align: justify;\"><strong>Roma, Italia.<\/strong> Il 10 aprile 2021 <strong>Papa Francesco ha nominato Padre Xabier Larra\u00f1aga Oyarzabal, CMF,<\/strong> decano dell&#8217;Istituto Clarettiano di Teologia della Vita Consacrata di Roma, <strong>come nuovo Consultore per la Congregazione degli Istituti di Vita Consacrata (CIVCSVA).<\/strong><\/p>\n<p style=\"text-align: justify;\">Accanto a lui sono stati nominati Maria Jos\u00e9 Tu\u00f1\u00f3n Calvo, ACI, direttrice della segreteria della Commissione Episcopale di Vita Consacrata della Conferenza Episcopale Spagnola; Elsa Campa, priora delle Carmelitane di Alba de Tormes; Elsa Campa Fern\u00e1ndez, OCD, presidente della Federazione San Jos\u00e9 Castilla-Burgos e il sacerdote Alejandro Arellano, decano del Tribunale della Rota Romana.<\/p>\n<p style=\"text-align: justify;\"><strong>La designazione<\/strong>, <strong>pubblicata nel<\/strong> <a href=\"https:\/\/press.vatican.va\/content\/salastampa\/it\/bollettino\/pubblico\/2021\/04\/10\/0217\/00477.html\" rel=\"nofollow noopener\" target=\"_blank\">Bollettino della Santa Sede<\/a>, <strong>avr\u00e0 una durata di cinque anni e le sue competenze si estenderanno a tutti gli aspetti della vita consacrata: vita cristiana, vita religiosa, vita clericale.<\/strong> Questo Dicastero si occupa del regime, della disciplina, dei diritti e dei privilegi degli istituti di vita consacrata (ordini religiosi e congregazioni, sia maschili che femminili, e istituti secolari). Inoltre, la CIVCSVA \u00e8 competente anche per quanto riguarda la vita eremitica, le vergini consacrate, le associazioni e le nuove forme di vita consacrata.<\/p>\n<p style=\"text-align: justify;\">Xabier Larra\u00f1aga \u00e8 stato membro del governo provinciale dell&#8217;ex provincia di Euskal Herria come prefetto di formazione e segretario provinciale in due sessenni. Nel settembre 2010 ha ricevuto la Destinazione Generalizia al <em>Claretianum<\/em> di Roma. Il suo lavoro ministeriale \u00e8 stato nell&#8217;insegnamento (sia collegiale che universitario), nella pastorale infantile, giovanile e professionale e nella formazione.<\/p>\n<p style=\"text-align: justify;\">Ci congratuliamo con il nostro confratello e gli auguriamo uno spirito di saggezza nella missione affidatagli dal Papa.<\/p>\n","protected":false},"excerpt":{"rendered":"<p>Roma, Italia. Il 10 aprile 2021 Papa Francesco ha nominato Padre Xabier Larra\u00f1aga Oyarzabal, CMF, decano dell&#8217;Istituto Clarettiano di Teologia della Vita Consacrata di Roma, come nuovo Consultore per la Congregazione degli Istituti di Vita Consacrata (CIVCSVA). Accanto a lui sono stati nominati Maria Jos\u00e9 Tu\u00f1\u00f3n Calvo, ACI, direttrice della segreteria della Commissione Episcopale di [&hellip;]<\/p>\n","protected":false},"author":1,"featured_media":98049,"comment_status":"closed","ping_status":"closed","sticky":false,"template":"","format":"standard","meta":{"_et_pb_use_builder":"","_et_pb_old_content":"","_et_gb_content_width":"","footnotes":""},"categories":[605,494,344,421,506],"tags":[],"class_list":["post-98074","post","type-post","status-publish","format-standard","has-post-thumbnail","hentry","category-bacheca","category-case-generali","category-claretianum-it","category-vita-consacrata","category-notizie-ecclesiastiche"],"jetpack_featured_media_url":"https:\/\/i0.wp.com\/www.claret.org\/wp-content\/uploads\/2021\/04\/Consultor-Xabier-Larranaga-Oyarzabal-CMF-10022021.jpg?fit=700%2C400&ssl=1","jetpack_sharing_enabled":true,"jetpack_shortlink":"https:\/\/wp.me\/pdaBmi-pvQ","jetpack_likes_enabled":true,"_links":{"self":[{"href":"https:\/\/www.claret.org\/it\/wp-json\/wp\/v2\/posts\/98074","targetHints":{"allow":["GET"]}}],"collection":[{"href":"https:\/\/www.claret.org\/it\/wp-json\/wp\/v2\/posts"}],"about":[{"href":"https:\/\/www.claret.org\/it\/wp-json\/wp\/v2\/types\/post"}],"author":[{"embeddable":true,"href":"https:\/\/www.claret.org\/it\/wp-json\/wp\/v2\/users\/1"}],"replies":[{"embeddable":true,"href":"https:\/\/www.claret.org\/it\/wp-json\/wp\/v2\/comments?post=98074"}],"version-history":[{"count":0,"href":"https:\/\/www.claret.org\/it\/wp-json\/wp\/v2\/posts\/98074\/revisions"}],"wp:featuredmedia":[{"embeddable":true,"href":"https:\/\/www.claret.org\/it\/wp-json\/wp\/v2\/media\/98049"}],"wp:attachment":[{"href":"https:\/\/www.claret.org\/it\/wp-json\/wp\/v2\/media?parent=98074"}],"wp:term":[{"taxonomy":"category","embeddable":true,"href":"https:\/\/www.claret.org\/it\/wp-json\/wp\/v2\/categories?post=98074"},{"taxonomy":"post_tag","embeddable":true,"href":"https:\/\/www.claret.org\/it\/wp-json\/wp\/v2\/tags?post=98074"}],"curies":[{"name":"wp","href":"https:\/\/api.w.org\/{rel}","templated":true}]}}