{"id":1835,"date":"2024-02-22T20:25:20","date_gmt":"2024-02-22T19:25:20","guid":{"rendered":"https:\/\/www.claret.org\/postulgen\/culmina-un-ano-senero-en-recuerdo-del-venerable-p-mariano\/"},"modified":"2024-02-22T20:26:53","modified_gmt":"2024-02-22T19:26:53","slug":"culmina-un-ano-senero-en-recuerdo-del-venerable-p-mariano","status":"publish","type":"post","link":"https:\/\/www.claret.org\/postulgen\/es\/culmina-un-ano-senero-en-recuerdo-del-venerable-p-mariano\/","title":{"rendered":"Culmina un a\u00f1o se\u00f1ero: En recuerdo del Venerable P. Mariano"},"content":{"rendered":"\n<p>Con el t\u00e9rmino de este 2023 culmina tambi\u00e9n la conmemoraci\u00f3n de los 150 a\u00f1os desde que el Venerable P. Mariano Avellana puso pie en el conf\u00edn de Am\u00e9rica desembarcando en Chile.<\/p>\n\n<p>Desde la Provincia Claretiana San Jos\u00e9 del Sur, que agrupa actualmente a las comunidades misioneras de Argentina, Chile, Uruguay y Paraguay, se aglutinaron esfuerzos para que, utilizando los medios modernos de comunicaci\u00f3n, en especial los telem\u00e1ticos, con los escasos recursos financieros disponibles fuera posible proyectar hacia la amplia familia claretiana internacional el ejemplo admirable de uno de los mayores ap\u00f3stoles que la \u201cgrande obra\u201d del Padre Claret ha entregado al mundo.<\/p>\n\n<p>De esta forma, el testimonio de la fuerza sobrenatural con que el emblem\u00e1tico prop\u00f3sito \u201cO santo, o muerto\u201d hizo posible a Mariano Avellana ofrendar 31 a\u00f1os incansables de vida a la misi\u00f3n confiada por el santo Fundador a sus hijos, confirm\u00f3 mucho m\u00e1s all\u00e1 de las fronteras americanas que la radicalidad en la evangelizaci\u00f3n como la so\u00f1\u00f3 Claret, puede llegar a ser \u201cheroica\u201d, al sobreponerse durante d\u00e9cadas a sufrimientos que a muchos otros habr\u00edan autojustificado descansar, y hacerlo hasta caer rendido de muerte.<\/p>\n\n<p>El Padre Mariano, al protagonizar as\u00ed una suerte de martirio diario con que soport\u00f3 durante sus \u00faltimos 20 a\u00f1os de misi\u00f3n incansable un herpes sumamente doloroso, al que se le sum\u00f3 una herida creciente y nunca cicatrizada en una pierna, que lo atorment\u00f3 por 10 a\u00f1os igualmente hasta morir, ofrece un testimonio homologable en cierta forma al de sus 184 hermanos de congregaci\u00f3n hoy beatificados, que ofrendaron martirialmente sus vidas enfrentando las balas de sus asesinos en vez de renegar de su compromiso religioso y misionero.<\/p>\n\n<p>De esta forma, el testimonio admirable del Padre Mariano como \u201cmisionero hasta el fin\u201d ha podido trascender durante este 2023 la conmemoraci\u00f3n sesquicentenaria de su llegada al conf\u00edn de Am\u00e9rica, como digno de que toda la familia claretiana alrededor del mundo invoque al Se\u00f1or implor\u00e1ndole el milagro que, como \u00fanico requisito faltante, pueda dar paso a su glorificaci\u00f3n terrena mediante la beatificaci\u00f3n.<\/p>\n\n<p>Incentivar as\u00ed que se invoque su intercesi\u00f3n en casos extremos de enfermedades o accidentes, constituye para la familia claretiana un compromiso de gratitud hacia uno de los exponentes m\u00e1s cabales del carisma misionero claretiano, digno de mostrar desde los altares c\u00f3mo la fidelidad a la voluntad del Se\u00f1or en la propia vida puede sobrepasar, con la fuerza del Esp\u00edritu, las limitaciones humanas, hasta llegar al hero\u00edsmo.<\/p>\n\n<p class=\"has-text-align-right\">\u00a0\u00a0\u00a0\u00a0\u00a0\u00a0\u00a0\u00a0\u00a0\u00a0\u00a0\u00a0\u00a0\u00a0\u00a0\u00a0\u00a0\u00a0\u00a0\u00a0\u00a0\u00a0\u00a0\u00a0\u00a0\u00a0\u00a0\u00a0\u00a0\u00a0\u00a0\u00a0\u00a0\u00a0\u00a0\u00a0\u00a0\u00a0\u00a0\u00a0\u00a0\u00a0\u00a0\u00a0\u00a0\u00a0\u00a0\u00a0\u00a0\u00a0\u00a0\u00a0\u00a0\u00a0\u00a0\u00a0\u00a0\u00a0\u00a0\u00a0\u00a0\u00a0\u00a0\u00a0\u00a0\u00a0\u00a0\u00a0\u00a0\u00a0\u00a0\u00a0\u00a0\u00a0\u00a0\u00a0\u00a0\u00a0\u00a0\u00a0\u00a0\u00a0\u00a0\u00a0\u00a0\u00a0\u00a0\u00a0\u00a0\u00a0\u00a0\u00a0\u00a0\u00a0\u00a0 Alfredo Barahona Zuleta<\/p>\n\n<p class=\"has-text-align-right\">\u00a0\u00a0\u00a0\u00a0 <em>Vicepostulador, Causa Ven. P. Mariano Avellana<\/em><\/p>\n","protected":false},"excerpt":{"rendered":"<p>Con el t\u00e9rmino de este 2023 culmina tambi\u00e9n la conmemoraci\u00f3n de los 150 a\u00f1os desde que el Venerable P. Mariano Avellana puso pie en el conf\u00edn de Am\u00e9rica desembarcando en Chile. Desde la Provincia Claretiana San Jos\u00e9 del Sur, que agrupa actualmente a las comunidades misioneras de Argentina, Chile, Uruguay y Paraguay, se aglutinaron esfuerzos [&hellip;]<\/p>\n","protected":false},"author":3,"featured_media":1776,"comment_status":"closed","ping_status":"closed","sticky":false,"template":"","format":"standard","meta":{"_et_pb_use_builder":"","_et_pb_old_content":"","_et_gb_content_width":"","_jetpack_memberships_contains_paid_content":false,"footnotes":"","jetpack_publicize_message":"","jetpack_publicize_feature_enabled":true,"jetpack_social_post_already_shared":true,"jetpack_social_options":{"image_generator_settings":{"template":"highway","default_image_id":0,"font":"","enabled":false},"version":2}},"categories":[33],"tags":[],"class_list":["post-1835","post","type-post","status-publish","format-standard","has-post-thumbnail","hentry","category-de-los-martires"],"jetpack_publicize_connections":[],"jetpack_featured_media_url":"https:\/\/www.claret.org\/postulgen\/wp-content\/uploads\/2023\/05\/Mariano_grande-scaled.jpg","jetpack_sharing_enabled":true,"jetpack_shortlink":"https:\/\/wp.me\/pdY6zS-tB","_links":{"self":[{"href":"https:\/\/www.claret.org\/postulgen\/es\/wp-json\/wp\/v2\/posts\/1835","targetHints":{"allow":["GET"]}}],"collection":[{"href":"https:\/\/www.claret.org\/postulgen\/es\/wp-json\/wp\/v2\/posts"}],"about":[{"href":"https:\/\/www.claret.org\/postulgen\/es\/wp-json\/wp\/v2\/types\/post"}],"author":[{"embeddable":true,"href":"https:\/\/www.claret.org\/postulgen\/es\/wp-json\/wp\/v2\/users\/3"}],"replies":[{"embeddable":true,"href":"https:\/\/www.claret.org\/postulgen\/es\/wp-json\/wp\/v2\/comments?post=1835"}],"version-history":[{"count":1,"href":"https:\/\/www.claret.org\/postulgen\/es\/wp-json\/wp\/v2\/posts\/1835\/revisions"}],"predecessor-version":[{"id":1836,"href":"https:\/\/www.claret.org\/postulgen\/es\/wp-json\/wp\/v2\/posts\/1835\/revisions\/1836"}],"wp:featuredmedia":[{"embeddable":true,"href":"https:\/\/www.claret.org\/postulgen\/es\/wp-json\/wp\/v2\/media\/1776"}],"wp:attachment":[{"href":"https:\/\/www.claret.org\/postulgen\/es\/wp-json\/wp\/v2\/media?parent=1835"}],"wp:term":[{"taxonomy":"category","embeddable":true,"href":"https:\/\/www.claret.org\/postulgen\/es\/wp-json\/wp\/v2\/categories?post=1835"},{"taxonomy":"post_tag","embeddable":true,"href":"https:\/\/www.claret.org\/postulgen\/es\/wp-json\/wp\/v2\/tags?post=1835"}],"curies":[{"name":"wp","href":"https:\/\/api.w.org\/{rel}","templated":true}]}}