{"id":972,"date":"2021-03-30T08:34:52","date_gmt":"2021-03-30T06:34:52","guid":{"rendered":"https:\/\/claret.org\/postulgen\/felicitacion-de-pascua-2021\/"},"modified":"2021-03-30T08:34:52","modified_gmt":"2021-03-30T06:34:52","slug":"felicitacion-de-pascua-2021","status":"publish","type":"post","link":"https:\/\/www.claret.org\/postulgen\/es\/felicitacion-de-pascua-2021\/","title":{"rendered":"Felicitaci\u00f3n de Pascua 2021"},"content":{"rendered":"<p>\u00a1Cristo ha resucitado! Y tenemos la posibilidad de abrirnos y recibir su regalo de esperanza. Abr\u00e1monos a la esperanza y pong\u00e1monos en camino; que el recuerdo de sus obras y de sus palabras sea una luz brillante que gu\u00ede nuestros pasos con confianza, hacia esa Pascua que no tendr\u00e1 fin. Os hago llegar a cada uno de vosotros mis mejores deseos de una santa fiesta de Pascua.<\/p>\n<p>La Pascua, como nos ha recordado el Papa Francisco, es un tiempo de renovaci\u00f3n de las promesas del Bautismo, es tambi\u00e9n un tiempo de renovaci\u00f3n del alma: \u00a1es un tiempo para florecer! Todos estamos invitados a hacerlo con convicci\u00f3n y confianza en el amor del Se\u00f1or. Es \u00c9l quien nos da y nos dar\u00e1 siempre fuerza y valor en las dificultades que encontremos en nuestro camino.<\/p>\n<p>Semana Santa 2021<\/p>\n<p style=\"text-align: right;\"><strong>P. Krzysztof Gierat CMF<\/strong><br \/>Postulaci\u00f3n General <br \/>de los Misioneros Claretianos<\/p>\n","protected":false},"excerpt":{"rendered":"<p>\u00a1Cristo ha resucitado! Y tenemos la posibilidad de abrirnos y recibir su regalo de esperanza. Abr\u00e1monos a la esperanza y pong\u00e1monos en camino; que el recuerdo de sus obras y de sus palabras sea una luz brillante que gu\u00ede nuestros pasos con confianza, hacia esa Pascua que no tendr\u00e1 fin. Os hago llegar a cada [&hellip;]<\/p>\n","protected":false},"author":1,"featured_media":941,"comment_status":"open","ping_status":"closed","sticky":false,"template":"","format":"standard","meta":{"_et_pb_use_builder":"","_et_pb_old_content":"","_et_gb_content_width":"","_jetpack_memberships_contains_paid_content":false,"footnotes":"","jetpack_publicize_message":"","jetpack_publicize_feature_enabled":true,"jetpack_social_post_already_shared":false,"jetpack_social_options":{"image_generator_settings":{"template":"highway","default_image_id":0,"font":"","enabled":false},"version":2}},"categories":[30],"tags":[],"class_list":["post-972","post","type-post","status-publish","format-standard","has-post-thumbnail","hentry","category-tablero"],"jetpack_publicize_connections":[],"jetpack_featured_media_url":"https:\/\/www.claret.org\/postulgen\/wp-content\/uploads\/2021\/03\/zmartwychwstanie-2019-e1622741165218.jpg","jetpack_sharing_enabled":true,"jetpack_shortlink":"https:\/\/wp.me\/pdY6zS-fG","_links":{"self":[{"href":"https:\/\/www.claret.org\/postulgen\/es\/wp-json\/wp\/v2\/posts\/972","targetHints":{"allow":["GET"]}}],"collection":[{"href":"https:\/\/www.claret.org\/postulgen\/es\/wp-json\/wp\/v2\/posts"}],"about":[{"href":"https:\/\/www.claret.org\/postulgen\/es\/wp-json\/wp\/v2\/types\/post"}],"author":[{"embeddable":true,"href":"https:\/\/www.claret.org\/postulgen\/es\/wp-json\/wp\/v2\/users\/1"}],"replies":[{"embeddable":true,"href":"https:\/\/www.claret.org\/postulgen\/es\/wp-json\/wp\/v2\/comments?post=972"}],"version-history":[{"count":0,"href":"https:\/\/www.claret.org\/postulgen\/es\/wp-json\/wp\/v2\/posts\/972\/revisions"}],"wp:featuredmedia":[{"embeddable":true,"href":"https:\/\/www.claret.org\/postulgen\/es\/wp-json\/wp\/v2\/media\/941"}],"wp:attachment":[{"href":"https:\/\/www.claret.org\/postulgen\/es\/wp-json\/wp\/v2\/media?parent=972"}],"wp:term":[{"taxonomy":"category","embeddable":true,"href":"https:\/\/www.claret.org\/postulgen\/es\/wp-json\/wp\/v2\/categories?post=972"},{"taxonomy":"post_tag","embeddable":true,"href":"https:\/\/www.claret.org\/postulgen\/es\/wp-json\/wp\/v2\/tags?post=972"}],"curies":[{"name":"wp","href":"https:\/\/api.w.org\/{rel}","templated":true}]}}