{"id":1623,"date":"2022-07-23T23:53:53","date_gmt":"2022-07-23T21:53:53","guid":{"rendered":"https:\/\/www.claret.org\/postulgen\/200-anniversario-della-nascita-del-venerabile-p-jaime-clotet-y-fabres-cmf\/"},"modified":"2022-07-24T00:06:58","modified_gmt":"2022-07-23T22:06:58","slug":"200-anniversario-della-nascita-del-venerabile-p-jaime-clotet-y-fabres-cmf","status":"publish","type":"post","link":"https:\/\/www.claret.org\/postulgen\/200-anniversario-della-nascita-del-venerabile-p-jaime-clotet-y-fabres-cmf\/","title":{"rendered":"200\u00b0 ANNIVERSARIO DELLA NASCITA  DEL VENERABILE P. JAIME CLOTET Y FABR\u00c9S, CMF"},"content":{"rendered":"<h1 style=\"text-align: center;\"><em>Cofondatore della Congregazione dei Missionari Figli del Cuore Immacolato di Maria<\/em><\/h1>\n<p style=\"text-align: center;\">&#8212;&#8212;&#8212;&#8212;&#8212;&#8212;&#8212;&#8212;&#8212;&#8212;&#8212;&#8212;&#8212;&#8212;&#8212;&#8212;&#8212;<\/p>\n<p>Jaime Clotet nacque a Manresa (Barcellona) il 24 luglio 1822, ultimo di otto fratelli. I suoi genitori, il sig. Ram\u00f3n Clotet e la sig.ra Gertrudis Fabres, di posizione sociale benestante e di buoni valori religiosi, impartirono a Jaime un&#8217;accurata educazione basata sul santo timore di Dio. Quando aveva solo nove anni, entr\u00f2 nella Congregazione di San Luis Gonzaga. Chiunque lo abbia conosciuto in et\u00e0 matura ha potuto constatare come conservasse ancora &#8220;tutta la freschezza e il candore immacolato di quell&#8217;et\u00e0 benedetta&#8221;, dice il suo biografo padre Mariano Aguilar.<\/p>\n<p>A quell&#8217;et\u00e0 cominci\u00f2 a sentirsi orientato verso il sacerdozio e i suoi genitori, per i quali Jaime era oggetto di particolare affetto, sia perch\u00e9 era l&#8217;ultimo dei loro figli, sia soprattutto per l&#8217;estrema bont\u00e0 di carattere e per altre qualit\u00e0 molto preziose che vedevano in lui, lo iscrissero a studiare grammatica latina nella scuola che i Padri Gesuiti avevano in citt\u00e0. Studi\u00f2 filosofia all&#8217;Universit\u00e0 di Barcellona e altri quattro anni di teologia al Seminario di quella citt\u00e0. Nel 1843 si rec\u00f2 al Seminario di Vich per studiare teologia morale e pastorale per due anni. A causa della persecuzione religiosa in Spagna, Jaime si rec\u00f2 a Roma per essere ordinato sacerdote il 20 luglio 1845. Al suo ritorno, nel luglio 1846, fu nominato Vicario dell&#8217;Economo di Castellfollit del Boix, una parrocchia situata di fronte a Monserrat. Un anno dopo fu nominato economo di Santa Maria de Civit, un altro piccolo villaggio in montagna.<\/p>\n<p>Il suo ministero parrocchiale dur\u00f2 quattro anni, che Jaime Clotet descrisse come pastoralmente molto buoni. Fu in questo periodo che inizi\u00f2 la sua attivit\u00e0 di catechesi per i sordomuti, un&#8217;esperienza singolare che segner\u00e0 il suo stile missionario per tutta la vita&#8230; Tutto nacque, racconta P. Clotet, spontaneamente quando &#8220;verso il 1848, mentre lavoravo come sacerdote economo in un piccolo villaggio della diocesi di Vich&#8221;, un uomo anziano venne in sacrestia con il figlio sordomuto, ormai giovane, per confessarsi. Di fronte ai dubbi di Clotet che il giovane potesse capirlo, il contadino gli disse: &#8220;e affinch\u00e9 tu ti convinca, gli parler\u00f2 in tua presenza e lo far\u00f2 parlare con me&#8230; convincendomi che in realt\u00e0 il figlio capiva il padre e il padre capiva il figlio&#8221;. Alla luce di ci\u00f2 mi sono detto: se un uomo di campagna e senza lettere \u00e8 arrivato a comprendere perfettamente l&#8217;arte di parlare con i segni, perch\u00e9 non dovresti conoscerla tu prendendo lezioni da qualche uomo competente? Ma dove trovarlo? E mi \u00e8 rimasto il desiderio\u201d.<\/p>\n<p>La forte inquietudine missionaria che batteva nel cuore di Clotet lo spingeva oltre l&#8217;orizzonte della parrocchia. Provvidenzialmente, riusc\u00ec a mettersi in contatto con Padre Claret, che stava per fondare la Congregazione, e il 16 luglio 1949 era gi\u00e0 con lui come parte del gruppo dei cofondatori; era il pi\u00f9 giovane di tutti. Clotet scopre finalmente la sua vocazione missionaria e trova nella nuova Congregazione il luogo migliore per viverla.<\/p>\n<p>Durante i primi anni nella Congregazione clarettiana si dedic\u00f2 interamente al ministero delle missioni popolari, agli esercizi spirituali e, soprattutto, alla catechesi, un ministero per il quale si sentiva particolarmente qualificato.<\/p>\n<p>Nel 1858, Clotet fu eletto sotto-direttore della Congregazione, carica che mantenne per 30 anni consecutivi. I suoi compiti aumentarono quando fu nominato Superiore locale della Casa Madre di Vich (1864-1868) e fu responsabile della formazione dei primi Fratelli Coadiutori. Queste circostanze lo costrinsero ad abbandonare l&#8217;itineranza a favore di un apostolato pi\u00f9 stabile.<\/p>\n<p>Chi lo conosceva diceva che la catechesi era la sua occupazione preferita. Anzi, lo considerava il dovere primario di genitori, sacerdoti e insegnanti. Cerc\u00f2 di adattarsi alle capacit\u00e0 dei bambini, con esempi, parabole e paragoni. Per incoraggiare la perseveranza, li esortava a unirsi alle comunit\u00e0 giovanili, a leggere buoni libri e a frequentare le scuole domenicali o serali.<\/p>\n<p>Abbiamo segnalato la sua predilezione per la catechesi per i sordomuti, ma anche il suo desiderio che qualcuno gli impartisse lezioni per comprendere perfettamente l&#8217;arte della lingua dei segni. L&#8217;occasione si present\u00f2 quando, a causa di un problema al ginocchio, dovette trascorrere diverse settimane a Barcellona. L\u00ec, un sacerdote dell&#8217;Oratorio di San Filippo &#8220;ha avuto la carit\u00e0 di darmi lezioni quotidiane su come parlare ai sordomuti con i segni e su come capirli&#8230;\u201d.<\/p>\n<p>Jaime Clotet, con spirito missionario, ha cercato di apprendere le competenze necessarie per insegnare loro ci\u00f2 che un cristiano non pu\u00f2 ignorare.<br \/>\nA questo scopo, nel 1866, scrisse il libro La comunicazione del pensiero per mezzo di segni naturali. Ossia, Regole per capire e farsi capire da un sordomuto, che si sono rivelate molto utili per chi era impegnato in questo ministero apostolico. In seguito scrisse molti altri libri.<\/p>\n<p>Ogni volta che ho visto un sordomuto per la prima volta, ho sentito un sentimento di compassione, ho avuto un impulso quasi irresistibile a occuparmi di fargli conoscere le principali verit\u00e0 della fede, una cosa difficile, certo, ma necessaria e di grande consolazione nella sua disgrazia (Catechismo, 5).<\/p>\n<p>Ma non si accontentava di insegnare loro il catechismo, ma promuoveva l&#8217;integrazione sociale dei sordi, come sappiamo dalla testimonianza di fra&#8217; Eustaquio Belloso, che viveva nella stessa comunit\u00e0: Quando erano malati, li visitava; e procurava loro il bene che poteva quando ne avevano bisogno. Un certo Jos\u00e9 Serra, residente a Barcellona, la cui sorella sposata, che viveva a Vic, non lo voleva in casa sua a meno che non portasse un letto e dei vestiti e non guadagnasse abbastanza per mantenersi. Il Padre gli forn\u00ec un letto e dei vestiti e disse al suo servitore di insegnargli a cucire; in pochi giorni egli seppe fare i pantaloni; poi lo mise in una sartoria di fiducia, la sartoria Yuixa, dove impar\u00f2 molto.<\/p>\n<p>Nel settembre 1868 avvenne la rivoluzione che espulse dalla Spagna la regina Isabella II e con lei anche il suo confessore, l&#8217;Arcivescovo Claret, fondatore della Congregazione dei Missionari, i cui membri furono costretti a trasferirsi nel sud della Francia.<\/p>\n<p>A Vich, sede della comunit\u00e0 missionaria a cui apparteneva padre Clotet, la Junta rivoluzionaria aveva deciso di occupare la Casa della Missione. P. Aguilar, biografo di P. Clotet, descrive i momenti in cui i membri della Junta andarono ad occupare la casa e la reazione nobile, umile e gentile di Clotet: &#8220;&#8230; alle tre del pomeriggio si present\u00f2 la terribile Junta, che P. Clotet, con la sua aria di umilt\u00e0 e con il perenne sorriso sul viso, attese e raccolse alla porta del convento. Prima che avessero spiegato lo scopo della loro venuta, Padre Clotet, gentile e premuroso, li invit\u00f2 a riposare e, con molte cortesi richieste, li invit\u00f2 a recarsi nel refettorio dove il buon Padre aveva preparato per ciascuno un cioccolatino con il suo corrispondente dessert di frutta appetitosa. I signori accettarono il rinfresco, non dico volentieri, perch\u00e9 era impossibile che non arrossissero e non fossero imbarazzati alla vista del modo di reagire di padre Clotet, ma s\u00ec, con una dissimulazione malriuscita e come se fossero trascinati dalla gentilezza del buon padre? Quando erano gi\u00e0 in strada, tutti lodavano la profonda umilt\u00e0 di padre Clotet, dicendo a una sola voce: &#8220;\u00e8 un santo, \u00e8 un santo; la sua umilt\u00e0 \u00e8 affascinante e accattivante; solo per lui dovremmo lasciarli in pace&#8221;. Tuttavia&#8230; il Presidente della Junta ha comunicato a p. Clotet&#8230; l&#8217;ordine di lasciare l&#8217;edificio entro ventiquattro ore&#8221;.<\/p>\n<p>Nel 1970 la Santa Sede approv\u00f2 definitivamente le Costituzioni della Congregazione dei Clarettiani. A Prades, questa gioia si \u00e8 completata con la presenza del Fondatore, il 23 luglio, arrivato da Roma con la salute abbastanza compromessa, anche se presto dovette lasciarli per cercare asilo politico nel monastero di Fontfroide, dove sarebbe morto il 24 ottobre. Per desiderio del Superiore Generale, p. Jos\u00e9 Xifr\u00e9, p. Clotet accompagn\u00f2 il Fondatore negli ultimi quindici giorni di vita, una circostanza che egli considerava una grazia straordinaria. Ogni giorno scriveva a P. Xifr\u00e9 per informarlo di tutte le circostanze della malattia del Fondatore, ed era sempre attento a tutte le sue parole, movimenti e desideri per servirlo e soddisfarlo il pi\u00f9 possibile.<br \/>\nPoche persone conoscevano cos\u00ec da vicino il santo missionario Claret, non perch\u00e9 avesse vissuto a lungo al suo fianco, ma per la comunione spirituale che esisteva tra loro dopo la fondazione della Congregazione&#8230; e nelle ultime settimane della sua vita, quando P. Clotet si prese cura di lui con immenso affetto filiale.<\/p>\n<p>In seguito, l&#8217;amore filiale di Clotet per p. Claret lo port\u00f2 a darsi da fare per raccogliere tutti i dati e le testimonianze che avrebbero permesso di riconoscere la sua santit\u00e0 e di avviare cos\u00ec il processo di beatificazione. Fu cos\u00ec che, su richiesta del Superiore Generale, inizi\u00f2 a scrivere il Sommario della vita del Venerabile, in cui i Figli Missionari del Cuore di Maria possono scoprire in dettaglio gli innumerevoli esempi edificanti del loro Fondatore.<\/p>\n<p>L&#8217;affetto e l&#8217;ammirazione di Clotet per il santo Fondatore lo portarono a imitarlo in tutti i dettagli della sua vita. &#8220;Quando alla fine del 1889 si rec\u00f2 a Parigi ed ebbe il suo primo incontro con la Regina Elisabetta II, questa signora, nel vederlo, prov\u00f2 una gioia indescrivibile, perch\u00e9 le sembrava di vedere in lui il ritratto vivente del suo vecchio e amato confessore, il Venerabile P. Claret.<\/p>\n<p>La grandezza del suo affetto e della sua ammirazione per Claret si pu\u00f2 dedurre dalle espressioni che usava quando era gi\u00e0 sul letto di morte. A chi lo visitava e gli chiedeva delle sue condizioni, rispondeva molto bene, benissimo.  E lo ha fatto in italiano &#8220;perch\u00e9 cos\u00ec faceva il Fondatore nella sua ultima malattia&#8221;.<\/p>\n<p>Padre Jaime Clotet era principalmente un uomo di governo agli ordini del Superiore Generale, padre Jos\u00e9 Xifr\u00e9.  La Divina Provvidenza aveva fatto camminare insieme Xifr\u00e9 e Clotet, personaggi completamente opposti, per contrastare la virt\u00f9 dei suoi servi nel crogiolo delle contraddizioni e delle umiliazioni e per mantenere il necessario equilibrio nelle loro opere.<\/p>\n<p>Aguilar descrive con grande maestria l&#8217;avventura di vita di queste due provvidenziali persone nella prima storia della Congregazione clarettiana: &#8220;Accanto a p. Xifr\u00e9, personaggio energico, che non temeva i pericoli, audace nelle grandi imprese, prodigo di sacrifici, indomito nelle avversit\u00e0 e di un coraggio sovrumano, ma dominato da una fede viva e forte, da una fiducia illimitata in Dio, da uno zelo ardente e inestinguibile per la gloria divina&#8230; ha posto p. Xifr\u00e9 in una posizione di rilievo. Clotet, un&#8217;anima altrettanto retta e giusta come la prima, ma di carattere completamente opposto, perch\u00e9 p. Clotet era per natura gentile e affabile, amante dell&#8217;ordine fin nei minimi dettagli, nemico delle avventure pericolose, paziente ricercatore delle disposizioni canoniche&#8230; osservatore minuzioso di cose e persone,&#8230; fiducioso, s\u00ec, in Dio, ma allo stesso tempo molto consapevole dell&#8217;obbligo di non tentarlo e di non oltrepassare i limiti ordinari della Provvidenza divina senza una reale necessit\u00e0&#8221; (Aguilar, 246-247).<\/p>\n<p>Le diversit\u00e0 di criteri, nate dalla diversit\u00e0 dei caratteri e delle attitudini, portarono P. Clotet a consultare P. Claret sull&#8217;opportunit\u00e0 di dimettersi dal suo incarico. Claret rispose che non doveva temere, perch\u00e9 l&#8217;opposizione di carattere che vedeva nel Superiore Generale sarebbe stata un grande bene per il suo spirito, rendendolo molto degno davanti a Dio, e allo stesso tempo avrebbe contribuito al bene maggiore dell&#8217;Istituto. P. Clotet e P. Xifr\u00e9 sono stati l&#8217;uno per l&#8217;altro come un diamante finissimo che hanno levigato e lucidato reciprocamente affinch\u00e9 la loro santit\u00e0 brillasse di pi\u00f9 davanti a Dio e agli uomini.<\/p>\n<p>Nel giugno del 1888, dopo trent&#8217;anni di mandato, Jaime Clotet cess\u00f2 di essere Sotto-Direttore generale della Congregazione e fu nominato Segretario per altri tre anni. Finch\u00e9 le forze e le numerose occupazioni glielo permisero, p. Clotet promosse vari corsi di esercizi spirituali, predic\u00f2 le novene e la Quaresima a tutti i tipi di persone, offr\u00ec frequenti conferenze e omelie alla comunit\u00e0 in cui viveva, promosse la formazione catechistica degli studenti della Congregazione, e persino prese iniziative a favore del Catechismo Universale Unico.<\/p>\n<p>Nel giugno 1892 gli viene proibito di predicare per motivi di salute, come racconta lui stesso: &#8220;Il Padre Generale mi ha detto di non predicare ai sacerdoti, n\u00e9 agli ordinandi, n\u00e9 alle Conferenze di San Vincenzo de&#8217; Paoli, perch\u00e9 mi manca la voce; e che dovrei occuparmi solo di spiritualit\u00e0 per quelli di casa, predicando raramente per quelli di fuori.<\/p>\n<p>Il 4 febbraio 1898, all&#8217;et\u00e0 di settantacinque anni, il Servo di Dio Padre Jaime Clotet y Fabr\u00e9s mor\u00ec nella comunit\u00e0 di Gr\u00e0cia. Quando padre Xifr\u00e9 seppe della morte di colui che per tanti anni era stato suo compagno e collaboratore nella direzione dell&#8217;Istituto, non riusc\u00ec a trattenere le lacrime e rese questo affettuoso omaggio alla memoria del suo santo compagno: &#8220;Era un modello di piet\u00e0, di zelo e di esercizio di tutte le virt\u00f9 (&#8230;). Oltre a tutte le sue opere apostoliche, estese il suo zelo agli ospedali e alle carceri e soprattutto ai sordomuti, a beneficio dei quali pubblic\u00f2 una piccola opera di grande utilit\u00e0 per coloro che si impegnano in tale opera pia (&#8230;). Privo della vista, si ritir\u00f2 nella nostra casa di Grazia, dove termin\u00f2 la sua vita pieno di meriti&#8221;.<\/p>\n<p>Il 3 maggio 1989, Papa Giovanni Paolo II lo ha dichiarato Venerabile.  Il decreto che proclama l&#8217;eroicit\u00e0 delle sue virt\u00f9 offre queste affermazioni emblematiche sulla vita del Venerabile P. Jaime Clotet: &#8220;Tra i suoi confratelli della Congregazione \u00e8 sempre stato considerato come un perfetto esempio dell&#8217;ideale del Missionario definito da Sant&#8217;Antonio Maria Claret&#8230; La sua missione nell&#8217;Istituto pu\u00f2 essere riassunta come segue: solido difensore della vita interiore in un Istituto profondamente apostolico. La presenza di Dio era uno stimolo costante all&#8217;esercizio di tutte le virt\u00f9&#8230; un modello di giustizia, di pace interiore ed esteriore, di moderazione, di delicatezza di coscienza, di fiducia illimitata nella grazia divina&#8221;.<\/p>\n<h2 style=\"text-align: center;\"><strong>Preghiera<\/strong><\/h2>\n<h2 style=\"text-align: center;\"><strong>Dio nostro Padre, Tu vuoi che tutti possano conoscere Tuo Figlio Ges\u00f9. Ti chiediamo di concedere a padre Jaume Clotet di essere glorificato dalla Chiesa, affinch\u00e9 con il suo esempio ci siano cristiani disposti a insegnare il Vangelo, la via della Fede e dell&#8217;Amore, a tutti i sordi.<br \/>\nSe \u00e8 possibile, concedimi la grazia che ti chiedo, con l&#8217;aiuto della nostra Santa Madre Maria del Silenzio. Amen. (si pu\u00f2 pregare l&#8217;Ave Maria)<br \/>\n<\/strong><\/h2>\n","protected":false},"excerpt":{"rendered":"<p>Cofondatore della Congregazione dei Missionari Figli del Cuore Immacolato di Maria &#8212;&#8212;&#8212;&#8212;&#8212;&#8212;&#8212;&#8212;&#8212;&#8212;&#8212;&#8212;&#8212;&#8212;&#8212;&#8212;&#8212; Jaime Clotet nacque a Manresa (Barcellona) il 24 luglio 1822, ultimo di otto fratelli. I suoi genitori, il sig. Ram\u00f3n Clotet e la sig.ra Gertrudis Fabres, di posizione sociale benestante e di buoni valori religiosi, impartirono a Jaime un&#8217;accurata educazione basata sul santo [&hellip;]<\/p>\n","protected":false},"author":1,"featured_media":1615,"comment_status":"closed","ping_status":"closed","sticky":false,"template":"","format":"standard","meta":{"_et_pb_use_builder":"","_et_pb_old_content":"","_et_gb_content_width":"","_jetpack_memberships_contains_paid_content":false,"footnotes":"","jetpack_publicize_message":"","jetpack_publicize_feature_enabled":true,"jetpack_social_post_already_shared":true,"jetpack_social_options":{"image_generator_settings":{"template":"highway","default_image_id":0,"font":"","enabled":false},"version":2}},"categories":[28],"tags":[],"class_list":["post-1623","post","type-post","status-publish","format-standard","has-post-thumbnail","hentry","category-bacheca"],"jetpack_publicize_connections":[],"jetpack_featured_media_url":"https:\/\/www.claret.org\/postulgen\/wp-content\/uploads\/2022\/07\/jacobus-clotet-postulazione.jpg","jetpack_sharing_enabled":true,"jetpack_shortlink":"https:\/\/wp.me\/pdY6zS-qb","_links":{"self":[{"href":"https:\/\/www.claret.org\/postulgen\/wp-json\/wp\/v2\/posts\/1623","targetHints":{"allow":["GET"]}}],"collection":[{"href":"https:\/\/www.claret.org\/postulgen\/wp-json\/wp\/v2\/posts"}],"about":[{"href":"https:\/\/www.claret.org\/postulgen\/wp-json\/wp\/v2\/types\/post"}],"author":[{"embeddable":true,"href":"https:\/\/www.claret.org\/postulgen\/wp-json\/wp\/v2\/users\/1"}],"replies":[{"embeddable":true,"href":"https:\/\/www.claret.org\/postulgen\/wp-json\/wp\/v2\/comments?post=1623"}],"version-history":[{"count":1,"href":"https:\/\/www.claret.org\/postulgen\/wp-json\/wp\/v2\/posts\/1623\/revisions"}],"predecessor-version":[{"id":1624,"href":"https:\/\/www.claret.org\/postulgen\/wp-json\/wp\/v2\/posts\/1623\/revisions\/1624"}],"wp:featuredmedia":[{"embeddable":true,"href":"https:\/\/www.claret.org\/postulgen\/wp-json\/wp\/v2\/media\/1615"}],"wp:attachment":[{"href":"https:\/\/www.claret.org\/postulgen\/wp-json\/wp\/v2\/media?parent=1623"}],"wp:term":[{"taxonomy":"category","embeddable":true,"href":"https:\/\/www.claret.org\/postulgen\/wp-json\/wp\/v2\/categories?post=1623"},{"taxonomy":"post_tag","embeddable":true,"href":"https:\/\/www.claret.org\/postulgen\/wp-json\/wp\/v2\/tags?post=1623"}],"curies":[{"name":"wp","href":"https:\/\/api.w.org\/{rel}","templated":true}]}}