{"id":938,"date":"2021-03-30T07:51:47","date_gmt":"2021-03-30T05:51:47","guid":{"rendered":"https:\/\/claret.org\/postulgen\/?p=938"},"modified":"2021-03-30T07:51:47","modified_gmt":"2021-03-30T05:51:47","slug":"auguri-di-pasqua-2021","status":"publish","type":"post","link":"https:\/\/www.claret.org\/postulgen\/auguri-di-pasqua-2021\/","title":{"rendered":"Auguri di Pasqua 2021"},"content":{"rendered":"<p>Cristo \u00e8 risorto! E noi abbiamo la possibilit\u00e0 di aprirci e ricevere il suo dono di speranza. Apriamoci alla speranza e mettiamoci in cammino; la memoria delle sue opere e delle sue parole sia luce sfolgorante, che orienta i nostri passi nella fiducia, verso quella Pasqua che non avr\u00e0 fine.<\/p>\n<p>Porgo a ciascuno di voi i migliori auguri di sante Feste pasquali. Pasqua, come ci ha ricordato il Papa Francesco, \u00e8 il tempo del rinnovamento delle promesse del Battesimo, \u00e8 anche tempo di rinnovamento dell\u2019anima: \u00e8 tempo di fiorire! Siamo tutti inviti a farlo con convinzione e fiducia nell\u2019amore del Signore. \u00c8 Lui che ci d\u00e0 e ci dar\u00e0 sempre forza e coraggio nelle difficolt\u00e0 che incontriamo sul nostro cammino.<\/p>\n<p>Pasqua 2021<\/p>\n<p style=\"text-align: right;\"><strong>P. Krzysztof Gierat CMF<\/strong><br \/>\nPostulazione Generale<br \/>\ndei Missionari Clarettiani<\/p>\n","protected":false},"excerpt":{"rendered":"<p>Cristo \u00e8 risorto! E noi abbiamo la possibilit\u00e0 di aprirci e ricevere il suo dono di speranza. Apriamoci alla speranza e mettiamoci in cammino; la memoria delle sue opere e delle sue parole sia luce sfolgorante, che orienta i nostri passi nella fiducia, verso quella Pasqua che non avr\u00e0 fine. Porgo a ciascuno di voi [&hellip;]<\/p>\n","protected":false},"author":1,"featured_media":939,"comment_status":"open","ping_status":"closed","sticky":false,"template":"","format":"standard","meta":{"_et_pb_use_builder":"","_et_pb_old_content":"","_et_gb_content_width":"","_jetpack_memberships_contains_paid_content":false,"footnotes":"","jetpack_publicize_message":"","jetpack_publicize_feature_enabled":true,"jetpack_social_post_already_shared":false,"jetpack_social_options":{"image_generator_settings":{"template":"highway","default_image_id":0,"font":"","enabled":false},"version":2}},"categories":[28],"tags":[],"class_list":["post-938","post","type-post","status-publish","format-standard","has-post-thumbnail","hentry","category-bacheca"],"jetpack_publicize_connections":[],"jetpack_featured_media_url":"https:\/\/www.claret.org\/postulgen\/wp-content\/uploads\/2021\/03\/zmartwychwstanie-2019-e1622741165218.jpg","jetpack_sharing_enabled":true,"jetpack_shortlink":"https:\/\/wp.me\/pdY6zS-f8","_links":{"self":[{"href":"https:\/\/www.claret.org\/postulgen\/wp-json\/wp\/v2\/posts\/938","targetHints":{"allow":["GET"]}}],"collection":[{"href":"https:\/\/www.claret.org\/postulgen\/wp-json\/wp\/v2\/posts"}],"about":[{"href":"https:\/\/www.claret.org\/postulgen\/wp-json\/wp\/v2\/types\/post"}],"author":[{"embeddable":true,"href":"https:\/\/www.claret.org\/postulgen\/wp-json\/wp\/v2\/users\/1"}],"replies":[{"embeddable":true,"href":"https:\/\/www.claret.org\/postulgen\/wp-json\/wp\/v2\/comments?post=938"}],"version-history":[{"count":1,"href":"https:\/\/www.claret.org\/postulgen\/wp-json\/wp\/v2\/posts\/938\/revisions"}],"predecessor-version":[{"id":942,"href":"https:\/\/www.claret.org\/postulgen\/wp-json\/wp\/v2\/posts\/938\/revisions\/942"}],"wp:featuredmedia":[{"embeddable":true,"href":"https:\/\/www.claret.org\/postulgen\/wp-json\/wp\/v2\/media\/939"}],"wp:attachment":[{"href":"https:\/\/www.claret.org\/postulgen\/wp-json\/wp\/v2\/media?parent=938"}],"wp:term":[{"taxonomy":"category","embeddable":true,"href":"https:\/\/www.claret.org\/postulgen\/wp-json\/wp\/v2\/categories?post=938"},{"taxonomy":"post_tag","embeddable":true,"href":"https:\/\/www.claret.org\/postulgen\/wp-json\/wp\/v2\/tags?post=938"}],"curies":[{"name":"wp","href":"https:\/\/api.w.org\/{rel}","templated":true}]}}