{"id":100182,"date":"2021-06-01T16:27:12","date_gmt":"2021-06-01T14:27:12","guid":{"rendered":"https:\/\/www.claret.org\/novo-sacerdote-na-provincia-da-america-central\/"},"modified":"2021-06-01T16:27:12","modified_gmt":"2021-06-01T14:27:12","slug":"novo-sacerdote-na-provincia-da-america-central","status":"publish","type":"post","link":"https:\/\/www.claret.org\/pt-pt\/novo-sacerdote-na-provincia-da-america-central\/","title":{"rendered":"Novo sacerdote na Prov\u00edncia da Am\u00e9rica Central"},"content":{"rendered":"<p><span style=\"font-family: 'times new roman', times, serif; font-size: 14pt;\"><strong>Man\u00e1gua, Nicar\u00e1gua<\/strong>. Wilmer Antonio Aguilar Bone, CMF, de 39 anos e de nacionalidade nicaraguense, foi ordenado sacerdote no dia 29 de maio, em nossa par\u00f3quia Guadalupe-Cora\u00e7\u00e3o de Maria, localizada em Man\u00e1gua, pelo Bispo claretiano de El Dari\u00e9n, Panam\u00e1, Dom Pedro Hern\u00e1ndez Cantarero, CMF. Devido \u00e0s restri\u00e7\u00f5es de capacidade, a missa tamb\u00e9m pode ser acompanhada pelas redes sociais.<\/span><\/p>\n<p><span style=\"font-family: 'times new roman', times, serif; font-size: 14pt;\">O neo-presb\u00edtero esteve exercendo a sua miss\u00e3o em La Palma, Darien, Panam\u00e1, onde continuar\u00e1 a oferecer a sua vida pelo Reino como sacerdote mission\u00e1rio.<\/span><\/p>\n","protected":false},"excerpt":{"rendered":"<p>Man\u00e1gua, Nicar\u00e1gua. Wilmer Antonio Aguilar Bone, CMF, de 39 anos e de nacionalidade nicaraguense, foi ordenado sacerdote no dia 29 de maio, em nossa par\u00f3quia Guadalupe-Cora\u00e7\u00e3o de Maria, localizada em Man\u00e1gua, pelo Bispo claretiano de El Dari\u00e9n, Panam\u00e1, Dom Pedro Hern\u00e1ndez Cantarero, CMF. Devido \u00e0s restri\u00e7\u00f5es de capacidade, a missa tamb\u00e9m pode ser acompanhada pelas [&hellip;]<\/p>\n","protected":false},"author":1,"featured_media":100120,"comment_status":"closed","ping_status":"closed","sticky":false,"template":"","format":"standard","meta":{"_et_pb_use_builder":"","_et_pb_old_content":"","_et_gb_content_width":"","footnotes":""},"categories":[370,574],"tags":[],"class_list":["post-100182","post","type-post","status-publish","format-standard","has-post-thumbnail","hentry","category-centroamerica-pt-pt","category-ordenacoes"],"jetpack_featured_media_url":"https:\/\/i0.wp.com\/www.claret.org\/wp-content\/uploads\/2021\/06\/Wilmer.png?fit=558%2C400&ssl=1","jetpack_sharing_enabled":true,"jetpack_shortlink":"https:\/\/wp.me\/pdaBmi-q3Q","jetpack_likes_enabled":true,"_links":{"self":[{"href":"https:\/\/www.claret.org\/pt-pt\/wp-json\/wp\/v2\/posts\/100182","targetHints":{"allow":["GET"]}}],"collection":[{"href":"https:\/\/www.claret.org\/pt-pt\/wp-json\/wp\/v2\/posts"}],"about":[{"href":"https:\/\/www.claret.org\/pt-pt\/wp-json\/wp\/v2\/types\/post"}],"author":[{"embeddable":true,"href":"https:\/\/www.claret.org\/pt-pt\/wp-json\/wp\/v2\/users\/1"}],"replies":[{"embeddable":true,"href":"https:\/\/www.claret.org\/pt-pt\/wp-json\/wp\/v2\/comments?post=100182"}],"version-history":[{"count":0,"href":"https:\/\/www.claret.org\/pt-pt\/wp-json\/wp\/v2\/posts\/100182\/revisions"}],"wp:featuredmedia":[{"embeddable":true,"href":"https:\/\/www.claret.org\/pt-pt\/wp-json\/wp\/v2\/media\/100120"}],"wp:attachment":[{"href":"https:\/\/www.claret.org\/pt-pt\/wp-json\/wp\/v2\/media?parent=100182"}],"wp:term":[{"taxonomy":"category","embeddable":true,"href":"https:\/\/www.claret.org\/pt-pt\/wp-json\/wp\/v2\/categories?post=100182"},{"taxonomy":"post_tag","embeddable":true,"href":"https:\/\/www.claret.org\/pt-pt\/wp-json\/wp\/v2\/tags?post=100182"}],"curies":[{"name":"wp","href":"https:\/\/api.w.org\/{rel}","templated":true}]}}