{"id":101269,"date":"2021-06-25T18:04:01","date_gmt":"2021-06-25T16:04:01","guid":{"rendered":"https:\/\/www.claret.org\/pe-jean-baptiste-biluki-yowani-cmf\/"},"modified":"2021-06-25T18:04:01","modified_gmt":"2021-06-25T16:04:01","slug":"pe-jean-baptiste-biluki-yowani-cmf","status":"publish","type":"post","link":"https:\/\/www.claret.org\/pt-pt\/pe-jean-baptiste-biluki-yowani-cmf\/","title":{"rendered":"Pe. JEAN BAPTISTE BILUKI YOWANI, CMF"},"content":{"rendered":"<p><span style=\"font-family: 'andale mono', monospace; font-size: 14pt;\">Faleceu no dia 25 de junho em Kinshasa, Rep\u00fablica Democr\u00e1tica do Congo, por causa de um problema card\u00edaco e Covid-19.<\/span><\/p>\n<p><span style=\"font-family: 'andale mono', monospace; font-size: 14pt;\">Tinha 42 anos.<\/span><\/p>\n<p><span style=\"font-family: 'andale mono', monospace; font-size: 14pt;\">Pertencia \u00e0 Delega\u00e7\u00e3o do Congo.<\/span><\/p>\n<p><span style=\"font-family: 'andale mono', monospace; font-size: 14pt;\">Descanse na Paz do Senhor!<\/span><\/p>\n","protected":false},"excerpt":{"rendered":"<p>Faleceu no dia 25 de junho em Kinshasa, Rep\u00fablica Democr\u00e1tica do Congo, por causa de um problema card\u00edaco e Covid-19. Tinha 42 anos. Pertencia \u00e0 Delega\u00e7\u00e3o do Congo. Descanse na Paz do Senhor!<\/p>\n","protected":false},"author":3,"featured_media":101243,"comment_status":"closed","ping_status":"closed","sticky":false,"template":"","format":"standard","meta":{"_et_pb_use_builder":"","_et_pb_old_content":"","_et_gb_content_width":"","footnotes":""},"categories":[562],"tags":[],"class_list":["post-101269","post","type-post","status-publish","format-standard","has-post-thumbnail","hentry","category-falecido"],"jetpack_featured_media_url":"https:\/\/i0.wp.com\/www.claret.org\/wp-content\/uploads\/2021\/06\/Jean-Baptiste-Biluki-Yowani.jpeg?fit=389%2C524&ssl=1","jetpack_sharing_enabled":true,"jetpack_shortlink":"https:\/\/wp.me\/pdaBmi-qln","jetpack_likes_enabled":true,"_links":{"self":[{"href":"https:\/\/www.claret.org\/pt-pt\/wp-json\/wp\/v2\/posts\/101269","targetHints":{"allow":["GET"]}}],"collection":[{"href":"https:\/\/www.claret.org\/pt-pt\/wp-json\/wp\/v2\/posts"}],"about":[{"href":"https:\/\/www.claret.org\/pt-pt\/wp-json\/wp\/v2\/types\/post"}],"author":[{"embeddable":true,"href":"https:\/\/www.claret.org\/pt-pt\/wp-json\/wp\/v2\/users\/3"}],"replies":[{"embeddable":true,"href":"https:\/\/www.claret.org\/pt-pt\/wp-json\/wp\/v2\/comments?post=101269"}],"version-history":[{"count":0,"href":"https:\/\/www.claret.org\/pt-pt\/wp-json\/wp\/v2\/posts\/101269\/revisions"}],"wp:featuredmedia":[{"embeddable":true,"href":"https:\/\/www.claret.org\/pt-pt\/wp-json\/wp\/v2\/media\/101243"}],"wp:attachment":[{"href":"https:\/\/www.claret.org\/pt-pt\/wp-json\/wp\/v2\/media?parent=101269"}],"wp:term":[{"taxonomy":"category","embeddable":true,"href":"https:\/\/www.claret.org\/pt-pt\/wp-json\/wp\/v2\/categories?post=101269"},{"taxonomy":"post_tag","embeddable":true,"href":"https:\/\/www.claret.org\/pt-pt\/wp-json\/wp\/v2\/tags?post=101269"}],"curies":[{"name":"wp","href":"https:\/\/api.w.org\/{rel}","templated":true}]}}