{"id":101330,"date":"2021-06-29T05:00:48","date_gmt":"2021-06-29T03:00:48","guid":{"rendered":"https:\/\/www.claret.org\/com-os-coracoes-arraigados-e-audazes\/"},"modified":"2021-06-29T05:00:48","modified_gmt":"2021-06-29T03:00:48","slug":"com-os-coracoes-arraigados-e-audazes","status":"publish","type":"post","link":"https:\/\/www.claret.org\/pt-pt\/com-os-coracoes-arraigados-e-audazes\/","title":{"rendered":"COM OS CORA\u00c7\u00d5ES ARRAIGADOS E AUDAZES"},"content":{"rendered":"<p><span style=\"font-family: 'courier new', courier, monospace; font-size: 14pt;\"><strong>Cidade do M\u00e9xico, M\u00e9xico<\/strong>. Nos dias 21 a 23 de junho foi realizado o segundo encontro virtual dos Superiores Locais das Comunidades Claretianas da Prov\u00edncia do M\u00e9xico.<\/span><\/p>\n<p><span style=\"font-family: 'courier new', courier, monospace; font-size: 14pt;\">Nesta reuni\u00e3o estiveram presentes os animadores das dez comunidades claretianas distribu\u00eddas em todo o territ\u00f3rio nacional: Ciudad Ju\u00e1rez, Chihuahua; Torre\u00f3n, Coahuila; Guadalajara, Jalisco; Morelia, Michoac\u00e1n; Leon, Guanajuato; Toluca, Estado do M\u00e9xico; tr\u00eas comunidades na Cidade do M\u00e9xico e a casa formativa La Fragua, pertencente \u00e0 comunidade de Santo Ant\u00f4nio Maria Claret.<\/span><\/p>\n<p><span style=\"font-family: 'courier new', courier, monospace; font-size: 14pt;\">A equipe provincial organizou e coordenou o evento, liderado pelo Pe. Enrique Mascorro, Superior Provincial. Ao longo dos tr\u00eas dias que durou o encontro, procurou-se fazer uma revis\u00e3o da vida e do trabalho das comunidades na conjuntura do Cap\u00edtulo Geral, agora imediato e em face da situa\u00e7\u00e3o de pandemia em que ainda estamos imersos.<\/span><\/p>\n<p><span style=\"font-family: 'courier new', courier, monospace; font-size: 14pt;\">O primeiro dia contou com a presen\u00e7a de um perito e assessor financeiro, Sr. Gregorio Rodr\u00edguez. Com a sua ajuda, fazemos uma an\u00e1lise da realidade desde o \u00e2ngulo da economia e das mudan\u00e7as que esta situa\u00e7\u00e3o no mundo est\u00e1 gerando e que respostas mission\u00e1rias nos pede.<\/span><\/p>\n<p><span style=\"font-family: 'courier new', courier, monospace; font-size: 14pt;\">Num segundo momento, cada superior compartilhou o caminho de vida e miss\u00e3o de sua comunidade (vida de ora\u00e7\u00e3o, vida fraterna, situa\u00e7\u00e3o econ\u00f4mica e pastoral, etc.).<\/span><\/p>\n<p><span style=\"font-family: 'courier new', courier, monospace; font-size: 14pt;\">No terceiro e \u00faltimo momento, com uma din\u00e2mica retrospectiva e projetiva, cada \u00e1rea de governo apresentou as a\u00e7\u00f5es j\u00e1 realizadas e aquelas por realizar no restante desta gest\u00e3o provincial, tendo sempre como quadro de refer\u00eancia o contexto da pandemia e o j\u00e1 pr\u00f3ximo Cap\u00edtulo Geral que nos convida a viver com um cora\u00e7\u00e3o &#8220;enraizado e audacioso&#8221;. Finalmente, v\u00e1rios assuntos foram discutidos sobre a caminhada da prov\u00edncia.<\/span><\/p>\n","protected":false},"excerpt":{"rendered":"<p>Cidade do M\u00e9xico, M\u00e9xico. Nos dias 21 a 23 de junho foi realizado o segundo encontro virtual dos Superiores Locais das Comunidades Claretianas da Prov\u00edncia do M\u00e9xico. Nesta reuni\u00e3o estiveram presentes os animadores das dez comunidades claretianas distribu\u00eddas em todo o territ\u00f3rio nacional: Ciudad Ju\u00e1rez, Chihuahua; Torre\u00f3n, Coahuila; Guadalajara, Jalisco; Morelia, Michoac\u00e1n; Leon, Guanajuato; Toluca, [&hellip;]<\/p>\n","protected":false},"author":1,"featured_media":101323,"comment_status":"closed","ping_status":"closed","sticky":false,"template":"","format":"standard","meta":{"_et_pb_use_builder":"","_et_pb_old_content":"","_et_gb_content_width":"","footnotes":""},"categories":[383,2392],"tags":[],"class_list":["post-101330","post","type-post","status-publish","format-standard","has-post-thumbnail","hentry","category-mexico-pt-pt","category-vida-de-comunidad-pt-pt"],"jetpack_featured_media_url":"https:\/\/i0.wp.com\/www.claret.org\/wp-content\/uploads\/2021\/06\/Mexico-OnlineMeeting-28062021.png?fit=700%2C400&ssl=1","jetpack_sharing_enabled":true,"jetpack_shortlink":"https:\/\/wp.me\/pdaBmi-qmm","jetpack_likes_enabled":true,"_links":{"self":[{"href":"https:\/\/www.claret.org\/pt-pt\/wp-json\/wp\/v2\/posts\/101330","targetHints":{"allow":["GET"]}}],"collection":[{"href":"https:\/\/www.claret.org\/pt-pt\/wp-json\/wp\/v2\/posts"}],"about":[{"href":"https:\/\/www.claret.org\/pt-pt\/wp-json\/wp\/v2\/types\/post"}],"author":[{"embeddable":true,"href":"https:\/\/www.claret.org\/pt-pt\/wp-json\/wp\/v2\/users\/1"}],"replies":[{"embeddable":true,"href":"https:\/\/www.claret.org\/pt-pt\/wp-json\/wp\/v2\/comments?post=101330"}],"version-history":[{"count":0,"href":"https:\/\/www.claret.org\/pt-pt\/wp-json\/wp\/v2\/posts\/101330\/revisions"}],"wp:featuredmedia":[{"embeddable":true,"href":"https:\/\/www.claret.org\/pt-pt\/wp-json\/wp\/v2\/media\/101323"}],"wp:attachment":[{"href":"https:\/\/www.claret.org\/pt-pt\/wp-json\/wp\/v2\/media?parent=101330"}],"wp:term":[{"taxonomy":"category","embeddable":true,"href":"https:\/\/www.claret.org\/pt-pt\/wp-json\/wp\/v2\/categories?post=101330"},{"taxonomy":"post_tag","embeddable":true,"href":"https:\/\/www.claret.org\/pt-pt\/wp-json\/wp\/v2\/tags?post=101330"}],"curies":[{"name":"wp","href":"https:\/\/api.w.org\/{rel}","templated":true}]}}