{"id":101682,"date":"2021-07-12T10:53:00","date_gmt":"2021-07-12T08:53:00","guid":{"rendered":"https:\/\/www.claret.org\/sete-sacerdotes-e-dois-diaconos-ordenados-na-provincia-de-east-nigeria\/"},"modified":"2021-07-12T10:53:00","modified_gmt":"2021-07-12T08:53:00","slug":"sete-sacerdotes-e-dois-diaconos-ordenados-na-provincia-de-east-nigeria","status":"publish","type":"post","link":"https:\/\/www.claret.org\/pt-pt\/sete-sacerdotes-e-dois-diaconos-ordenados-na-provincia-de-east-nigeria\/","title":{"rendered":"Sete sacerdotes e dois di\u00e1conos ordenados na prov\u00edncia de East Nigeria"},"content":{"rendered":"<p><span style=\"font-family: terminal, monaco, monospace; font-size: 14pt;\"><strong>New Owerri, Nig\u00e9ria.<\/strong> Na par\u00f3quia de Santo Ant\u00f4nio Maria Claret, Estado de Imo, New Owerri, no dia 10 de julho de 2021, Dom Ernest Obodo, bispo auxiliar da diocese de Enugu, que presidiu a Eucaristia, encorajou os novos ministros ordenados para servir como Cristo fez, a saber:<\/span><\/p>\n<p><span style=\"font-family: terminal, monaco, monospace; font-size: 14pt;\">\u201cHoje, que sois ordenados sacerdotes, \u00e9 necess\u00e1rio mudar de mentalidade. Uma mentalidade como a de Cristo, que, embora fosse Deus, se humilhou para se tornar um servo\u201d.<\/span><\/p>\n<p><span style=\"font-family: terminal, monaco, monospace; font-size: 14pt;\">Refletindo sobre o texto do Evangelho de Mateus 9, 35-38, o Bispo Obodo tamb\u00e9m destacou: \u201cH\u00e1 muitos sacerdotes, mas o Senhor est\u00e1 procurando trabalhadores, n\u00e3o empres\u00e1rios; h\u00e1 muitos cl\u00e9rigos, mas o Senhor procura ceifadores porque os trabalhadores s\u00e3o poucos\u201d. No momento em que a voca\u00e7\u00e3o ao sacerd\u00f3cio \u00e9 questionada, o prelado lembrou aos ordenandos que eles s\u00e3o chamados pelo Senhor por meio da Igreja para exercer seu minist\u00e9rio nas periferias do mundo. A voca\u00e7\u00e3o n\u00e3o \u00e9 apenas uma fun\u00e7\u00e3o, mas um chamado de Deus para ser obedientes, orantes e compassivos.<\/span><\/p>\n<p><span style=\"font-family: terminal, monaco, monospace; font-size: 14pt;\">Dirigindo-se aos di\u00e1conos, o bispo lembrou-lhes que entre as muitas fun\u00e7\u00f5es de um di\u00e1cono, devem se lembrar que s\u00e3o chamados a ser servidores dos demais. Ele agradeceu a boa vontade dos fi\u00e9is leigos e tamb\u00e9m lhes pediu que orassem e cuidassem de seus sacerdotes.<\/span><\/p>\n<p><span style=\"font-family: terminal, monaco, monospace; font-size: 14pt;\">Os seis novos sacerdotes ordenados pelo bispo Obodo s\u00e3o Patrick Kenechukwu Adisionu, Jude Ikechukwu Akujuobi, Peter Claver Onyekachi Amaku, Raphael Chinwuba Chiaha, Emmanuel Terhile Igba, Maxwell Chigozie Nnonyelum, CMFF. Os dois novos di\u00e1conos s\u00e3o Jude Chidube Nwachukwu e Martin Ugochukwu Ogbuokiri, CMFF.<\/span><\/p>\n<p><span style=\"font-family: terminal, monaco, monospace; font-size: 14pt;\">Em outra celebra\u00e7\u00e3o eucar\u00edstica realizada no mesmo dia na Bas\u00edlica da Sant\u00edssima Trindade em Onitsha, Estado de Anambra e presidida pelo Revmo. Sr. Valerian Okeke, Arcebispo de Onitsha, Sylvester Chukwudi Omelukam, CMF, junto com outros, tamb\u00e9m foi ordenado sacerdote, dezoito di\u00e1conos.<\/span><\/p>\n<p><span style=\"font-family: terminal, monaco, monospace; font-size: 14pt;\">Com gratid\u00e3o e a\u00e7\u00e3o de gra\u00e7as a Deus misericordioso, celebramos com alegria as ordena\u00e7\u00f5es de nossos irm\u00e3os do Organismo Maior de East Nigeria!<\/span><\/p>\n<p>&nbsp;<\/p>\n<p><span style=\"font-family: terminal, monaco, monospace; font-size: 14pt;\">[envira-gallery id=&#8221;101652&#8243;]<\/span><\/p>\n","protected":false},"excerpt":{"rendered":"<p>New Owerri, Nig\u00e9ria. Na par\u00f3quia de Santo Ant\u00f4nio Maria Claret, Estado de Imo, New Owerri, no dia 10 de julho de 2021, Dom Ernest Obodo, bispo auxiliar da diocese de Enugu, que presidiu a Eucaristia, encorajou os novos ministros ordenados para servir como Cristo fez, a saber: \u201cHoje, que sois ordenados sacerdotes, \u00e9 necess\u00e1rio mudar [&hellip;]<\/p>\n","protected":false},"author":1,"featured_media":101650,"comment_status":"closed","ping_status":"closed","sticky":false,"template":"","format":"standard","meta":{"_et_pb_use_builder":"","_et_pb_old_content":"","_et_gb_content_width":"","footnotes":""},"categories":[983,143,574],"tags":[],"class_list":["post-101682","post","type-post","status-publish","format-standard","has-post-thumbnail","hentry","category-acla-pt-pt","category-east-nigeria-pt-pt","category-ordenacoes"],"jetpack_featured_media_url":"https:\/\/i0.wp.com\/www.claret.org\/wp-content\/uploads\/2021\/07\/EAST-NIGERIA-Ordinations-12072021-Portada-web.png?fit=700%2C400&ssl=1","jetpack_sharing_enabled":true,"jetpack_shortlink":"https:\/\/wp.me\/pdaBmi-qs2","jetpack_likes_enabled":true,"_links":{"self":[{"href":"https:\/\/www.claret.org\/pt-pt\/wp-json\/wp\/v2\/posts\/101682","targetHints":{"allow":["GET"]}}],"collection":[{"href":"https:\/\/www.claret.org\/pt-pt\/wp-json\/wp\/v2\/posts"}],"about":[{"href":"https:\/\/www.claret.org\/pt-pt\/wp-json\/wp\/v2\/types\/post"}],"author":[{"embeddable":true,"href":"https:\/\/www.claret.org\/pt-pt\/wp-json\/wp\/v2\/users\/1"}],"replies":[{"embeddable":true,"href":"https:\/\/www.claret.org\/pt-pt\/wp-json\/wp\/v2\/comments?post=101682"}],"version-history":[{"count":0,"href":"https:\/\/www.claret.org\/pt-pt\/wp-json\/wp\/v2\/posts\/101682\/revisions"}],"wp:featuredmedia":[{"embeddable":true,"href":"https:\/\/www.claret.org\/pt-pt\/wp-json\/wp\/v2\/media\/101650"}],"wp:attachment":[{"href":"https:\/\/www.claret.org\/pt-pt\/wp-json\/wp\/v2\/media?parent=101682"}],"wp:term":[{"taxonomy":"category","embeddable":true,"href":"https:\/\/www.claret.org\/pt-pt\/wp-json\/wp\/v2\/categories?post=101682"},{"taxonomy":"post_tag","embeddable":true,"href":"https:\/\/www.claret.org\/pt-pt\/wp-json\/wp\/v2\/tags?post=101682"}],"curies":[{"name":"wp","href":"https:\/\/api.w.org\/{rel}","templated":true}]}}